{"id":10879,"date":"2011-11-16T20:03:51","date_gmt":"2011-11-16T19:03:51","guid":{"rendered":"https:\/\/mediarun.com\/index.php\/news-posts\/audycja-o-jane-birkin-w-radiowej-trojce\/"},"modified":"2011-11-16T20:03:51","modified_gmt":"2011-11-16T19:03:51","slug":"audycja-o-jane-birkin-w-radiowej-trojce","status":"publish","type":"post","link":"https:\/\/mediarun.com\/pl\/media\/radio\/audycja-o-jane-birkin-w-radiowej-trojce.html","title":{"rendered":"Audycja o Jane Birkin w radiowej Tr\u00f3jce"},"content":{"rendered":"<p>Z artystk\u0105 o jej \u017cyciu z Serge&#8217;m Gainsbourgiem porozmawia Anna Gacek.<\/p>\n<p>Birkin rozpocz\u0119\u0142a karier\u0119 filmow\u0105 w 1966 roku za spraw\u0105 roli w &#8222;Powi\u0119kszeniu&#8221; Michaelangelo Antonioniego.<\/p>\n<p>Dwa lata p&oacute;\u017aniej wyjecha\u0142a do Francji, gdzie pozna\u0142a Serge&#8217;a Gainsbourga na planie filmu &#8222;Slogan&#8221;. Nie by\u0142a to mi\u0142o\u015b\u0107 od pierwszego wejrzenia, ale zaiskrzy\u0142o mi\u0119dzy nimi jeszcze podczas pracy nad filmem. Tak rozpocz\u0105\u0142 si\u0119 trwaj\u0105cy ponad dekad\u0119 zwi\u0105zek, kt&oacute;rym \u017cy\u0142a ca\u0142a Francja, a gdy nagrali kontrowersyjny przeb&oacute;j &#8222;Je t&#8217;aime&#8230; moi non plus&#8221;, tak\u017ce ca\u0142y \u015bwiat.<\/p>\n<p>To w\u0142a\u015bnie o tej niezwyk\u0142ej mi\u0142o\u015bci, kt&oacute;ra przetrwa\u0142a rozstanie kochank&oacute;w i trwa\u0142a w formie przyja\u017ani a\u017c do \u015bmierci Gainsbourga, Jane Birkin b\u0119dzie opowiada\u0107 Annie Gacek.<\/p>\n<p>Birkin, kt&oacute;ra odwiedzi\u0142a Polsk\u0119 w ramach festiwalu Ars Cameralis z programem piosenek Gainsbourga, b\u0119dzie wspomina\u0107 dekadenckie randki z Serge&#8217;em, ale i rodzinne popo\u0142udnia sp\u0119dzane przed telewizorem.<\/p>\n<p>Audycja odb\u0119dzie si\u0119 w sobot\u0119, 19 listopada o godz. 16.00.<\/p>\n","protected":false},"excerpt":{"rendered":"W sobot\u0119, 19 listopada, na antenie Programu III specjalna audycja po\u015bwi\u0119cona legendarnej Jane Birkin.","protected":false},"author":1,"featured_media":10880,"comment_status":"open","ping_status":"closed","sticky":false,"template":"","format":"standard","meta":{"csco_display_header_overlay":false,"csco_singular_sidebar":"","csco_page_header_type":"","csco_page_load_nextpost":"","csco_post_video_location":[],"csco_post_video_location_hash":"","csco_post_video_url":"","csco_post_video_bg_start_time":0,"csco_post_video_bg_end_time":0,"footnotes":""},"categories":[9672],"tags":[405],"class_list":{"0":"post-10879","1":"post","2":"type-post","3":"status-publish","4":"format-standard","5":"has-post-thumbnail","7":"category-radio","8":"tag-polskie-radio","9":"cs-entry","10":"cs-video-wrap"},"_links":{"self":[{"href":"https:\/\/mediarun.com\/pl\/wp-json\/wp\/v2\/posts\/10879","targetHints":{"allow":["GET"]}}],"collection":[{"href":"https:\/\/mediarun.com\/pl\/wp-json\/wp\/v2\/posts"}],"about":[{"href":"https:\/\/mediarun.com\/pl\/wp-json\/wp\/v2\/types\/post"}],"author":[{"embeddable":true,"href":"https:\/\/mediarun.com\/pl\/wp-json\/wp\/v2\/users\/1"}],"replies":[{"embeddable":true,"href":"https:\/\/mediarun.com\/pl\/wp-json\/wp\/v2\/comments?post=10879"}],"version-history":[{"count":0,"href":"https:\/\/mediarun.com\/pl\/wp-json\/wp\/v2\/posts\/10879\/revisions"}],"wp:featuredmedia":[{"embeddable":true,"href":"https:\/\/mediarun.com\/pl\/wp-json\/wp\/v2\/media\/10880"}],"wp:attachment":[{"href":"https:\/\/mediarun.com\/pl\/wp-json\/wp\/v2\/media?parent=10879"}],"wp:term":[{"taxonomy":"category","embeddable":true,"href":"https:\/\/mediarun.com\/pl\/wp-json\/wp\/v2\/categories?post=10879"},{"taxonomy":"post_tag","embeddable":true,"href":"https:\/\/mediarun.com\/pl\/wp-json\/wp\/v2\/tags?post=10879"}],"curies":[{"name":"wp","href":"https:\/\/api.w.org\/{rel}","templated":true}]}}