{"id":10841,"date":"2011-11-17T18:42:32","date_gmt":"2011-11-17T17:42:32","guid":{"rendered":"https:\/\/mediarun.com\/index.php\/news-posts\/13-mln-osob-slucha-radia-po-poludniu\/"},"modified":"2011-11-17T18:42:32","modified_gmt":"2011-11-17T17:42:32","slug":"13-mln-osob-slucha-radia-po-poludniu","status":"publish","type":"post","link":"https:\/\/mediarun.com\/pl\/media\/radio\/13-mln-osob-slucha-radia-po-poludniu.html","title":{"rendered":"13 mln os\u00f3b s\u0142ucha radia po po\u0142udniu"},"content":{"rendered":"<p>Radio popo\u0142udniami s\u0142uchane jest przede wszystkim w drodze do domu z pracy, uczelni czy szko\u0142y. W rozg\u0142o\u015bniach jest to czas pierwszych podsumowa\u0144 dnia: cz\u0119\u015bciej pojawiaj\u0105 si\u0119 serwisy, nadawane s\u0105 magazyny publicystyczno-informacyjne.<\/p>\n<p>Przekaz jest tym istotniejszy, \u017ce wiele os&oacute;b porusza si\u0119 w tym czasie samochodami, gdzie radio jest s\u0142uchane w spos&oacute;b szczeg&oacute;lnie uwa\u017cny.<\/p>\n<p>W godzinach 15-18 najwy\u017cszy zasi\u0119g radio notuje w\u0142a\u015bnie w samochodzie &#8211; \u015brednio ka\u017cdego dnia w\u0142\u0105cza radio w tej porze 5,7 mln kierowc&oacute;w.<\/p>\n<p>S\u0142uchacze radiowych pasm popo\u0142udniowych to przede wszystkim osoby doros\u0142e. 35,4 proc. jest w wieku 25-39 lat, kolejnych 34,4 proc. ma 40-59 lat.<\/p>\n<p>Blisko po\u0142owa (48,9 proc.) ma wykszta\u0142cenie \u015brednie, a co czwarty (26,4 proc.) &#8211; wy\u017csze. W\u015br&oacute;d popo\u0142udniowych s\u0142uchaczy bardzo du\u017c\u0105 cz\u0119\u015b\u0107 stanowi\u0105 dyrektorzy, przedstawiciele wolnych zawod&oacute;w i pracownicy umys\u0142owi.<\/p>\n<p>Dotarcie z przekazem reklamowym do powracaj\u0105cych do domu s\u0142uchaczy mo\u017ce by\u0107 szczeg&oacute;lnie wa\u017cne dla marketer&oacute;w z bran\u017c FMCG. 39,1 proc. s\u0142uchaczy program&oacute;w popo\u0142udniowych deklaruje, \u017ce robi codzienne zakupy. Radio mo\u017ce by\u0107 no\u015bnikiem przekazu reklamowego tu\u017c przed wej\u015bciem do sklepu po zakupy w drodze z pracy do domu.<\/p>\n<p><em>Dane: Radio Track, VIII-X 2011, dni powszednie, pasmo 15-18<\/em><\/p>\n","protected":false},"excerpt":{"rendered":"12,9 mln os&oacute;b s\u0142ucha w dni powszednie popo\u0142udniowych audycji radiowych. W godzinach 15-18 radio w\u0142\u0105cza 42,6 proc. Polak&oacute;w.","protected":false},"author":1,"featured_media":10842,"comment_status":"open","ping_status":"closed","sticky":false,"template":"","format":"standard","meta":{"csco_display_header_overlay":false,"csco_singular_sidebar":"","csco_page_header_type":"","csco_page_load_nextpost":"","csco_post_video_location":[],"csco_post_video_location_hash":"","csco_post_video_url":"","csco_post_video_bg_start_time":0,"csco_post_video_bg_end_time":0,"footnotes":""},"categories":[9672],"tags":[1071],"class_list":{"0":"post-10841","1":"post","2":"type-post","3":"status-publish","4":"format-standard","5":"has-post-thumbnail","7":"category-radio","8":"tag-kbr","9":"cs-entry","10":"cs-video-wrap"},"_links":{"self":[{"href":"https:\/\/mediarun.com\/pl\/wp-json\/wp\/v2\/posts\/10841","targetHints":{"allow":["GET"]}}],"collection":[{"href":"https:\/\/mediarun.com\/pl\/wp-json\/wp\/v2\/posts"}],"about":[{"href":"https:\/\/mediarun.com\/pl\/wp-json\/wp\/v2\/types\/post"}],"author":[{"embeddable":true,"href":"https:\/\/mediarun.com\/pl\/wp-json\/wp\/v2\/users\/1"}],"replies":[{"embeddable":true,"href":"https:\/\/mediarun.com\/pl\/wp-json\/wp\/v2\/comments?post=10841"}],"version-history":[{"count":0,"href":"https:\/\/mediarun.com\/pl\/wp-json\/wp\/v2\/posts\/10841\/revisions"}],"wp:featuredmedia":[{"embeddable":true,"href":"https:\/\/mediarun.com\/pl\/wp-json\/wp\/v2\/media\/10842"}],"wp:attachment":[{"href":"https:\/\/mediarun.com\/pl\/wp-json\/wp\/v2\/media?parent=10841"}],"wp:term":[{"taxonomy":"category","embeddable":true,"href":"https:\/\/mediarun.com\/pl\/wp-json\/wp\/v2\/categories?post=10841"},{"taxonomy":"post_tag","embeddable":true,"href":"https:\/\/mediarun.com\/pl\/wp-json\/wp\/v2\/tags?post=10841"}],"curies":[{"name":"wp","href":"https:\/\/api.w.org\/{rel}","templated":true}]}}