{"id":10439,"date":"2011-11-30T21:10:15","date_gmt":"2011-11-30T20:10:15","guid":{"rendered":"https:\/\/mediarun.com\/index.php\/news-posts\/lis-zostaje-w-tvp2\/"},"modified":"2011-11-30T21:10:15","modified_gmt":"2011-11-30T20:10:15","slug":"lis-zostaje-w-tvp2","status":"publish","type":"post","link":"https:\/\/mediarun.com\/pl\/media\/tv\/lis-zostaje-w-tvp2.html","title":{"rendered":"Lis zostaje w TVP2"},"content":{"rendered":"<p>W ostatnim czasie w mediach nie brakowa\u0142o doniesie\u0144 o rzekomo planowanym przeniesieniu programu &#8222;Tomasz Lis na \u017cywo&#8221; na anten\u0119 Jedynki (o sprawie pisa\u0142 m.in. Super Express).<\/p>\n<p>Jak zapewni\u0142a nas Joanna Stempie\u0144-Rogali\u0144ska, rzecznik prasowy TVP, informacje te s\u0105 ca\u0142kowicie nieprawdziwe.<\/p>\n<p>&#8211; &#8222;Tomasz Lis na \u017cywo&#8221; cieszy si\u0119 dobr\u0105 ogl\u0105dalno\u015bci\u0105, a widzowie przyzwyczaili si\u0119 zar&oacute;wno do obecno\u015bci tego programu na antenie TVP2, jak i do pory jego nadawania &#8211; dodaje Stempie\u0144-Rogali\u0144ska.<\/p>\n<p>Z danych Nielsen Audience Measurement wynika, \u017ce \u015brednia widownia pierwszych czterech wyda\u0144 programu &#8222;Tomasz Lis na \u017cywo&#8221; w sezonie jesiennym wynios\u0142a 2,13 mln os&oacute;b (18,36 proc. udzia\u0142u w grupie 4+ i 12,19 proc. w 16-49).<\/p>\n<p>Program nadawany jest w poniedzia\u0142ki w TVP2 o godz. 21.45, tu\u017c po serialu &#8222;M jak Mi\u0142o\u015b\u0107&#8221;.<\/p>\n","protected":false},"excerpt":{"rendered":"Autorski program telewizyjny redaktora naczelnego tygodnika Wprost zostaje w TVP2 &#8211; potwierdzi\u0142 rzecznik prasowy Telewizji Polskiej.","protected":false},"author":1,"featured_media":10440,"comment_status":"open","ping_status":"closed","sticky":false,"template":"","format":"standard","meta":{"csco_display_header_overlay":false,"csco_singular_sidebar":"","csco_page_header_type":"","csco_page_load_nextpost":"","csco_post_video_location":[],"csco_post_video_location_hash":"","csco_post_video_url":"","csco_post_video_bg_start_time":0,"csco_post_video_bg_end_time":0,"footnotes":""},"categories":[9670],"tags":[1193,610],"class_list":{"0":"post-10439","1":"post","2":"type-post","3":"status-publish","4":"format-standard","5":"has-post-thumbnail","7":"category-tv","8":"tag-tomasz-lis","9":"tag-tvp2","10":"cs-entry","11":"cs-video-wrap"},"_links":{"self":[{"href":"https:\/\/mediarun.com\/pl\/wp-json\/wp\/v2\/posts\/10439","targetHints":{"allow":["GET"]}}],"collection":[{"href":"https:\/\/mediarun.com\/pl\/wp-json\/wp\/v2\/posts"}],"about":[{"href":"https:\/\/mediarun.com\/pl\/wp-json\/wp\/v2\/types\/post"}],"author":[{"embeddable":true,"href":"https:\/\/mediarun.com\/pl\/wp-json\/wp\/v2\/users\/1"}],"replies":[{"embeddable":true,"href":"https:\/\/mediarun.com\/pl\/wp-json\/wp\/v2\/comments?post=10439"}],"version-history":[{"count":0,"href":"https:\/\/mediarun.com\/pl\/wp-json\/wp\/v2\/posts\/10439\/revisions"}],"wp:featuredmedia":[{"embeddable":true,"href":"https:\/\/mediarun.com\/pl\/wp-json\/wp\/v2\/media\/10440"}],"wp:attachment":[{"href":"https:\/\/mediarun.com\/pl\/wp-json\/wp\/v2\/media?parent=10439"}],"wp:term":[{"taxonomy":"category","embeddable":true,"href":"https:\/\/mediarun.com\/pl\/wp-json\/wp\/v2\/categories?post=10439"},{"taxonomy":"post_tag","embeddable":true,"href":"https:\/\/mediarun.com\/pl\/wp-json\/wp\/v2\/tags?post=10439"}],"curies":[{"name":"wp","href":"https:\/\/api.w.org\/{rel}","templated":true}]}}