{"id":1043,"date":"2013-08-30T10:41:15","date_gmt":"2013-08-30T08:41:15","guid":{"rendered":"https:\/\/mediarun.com\/index.php\/news-posts\/anna-mucha-w-nowej-kampanii-oriflame\/"},"modified":"2015-01-12T14:41:14","modified_gmt":"2015-01-12T14:41:14","slug":"anna-mucha-w-nowej-kampanii-oriflame","status":"publish","type":"post","link":"https:\/\/mediarun.com\/pl\/marketing\/atl\/anna-mucha-w-nowej-kampanii-oriflame.html","title":{"rendered":"Anna Mucha w nowej kampanii Oriflame"},"content":{"rendered":"<p>Kampania reklamowa Oriflame promowa\u0107 b\u0119dzie podkr\u0119caj\u0105cy tusz do rz\u0119s Master Curl, kt&oacute;ry dost\u0119pny jest w obni\u017conej cenie. We wszystkich reklamach pojawi si\u0119 Anna Mucha.<\/p>\n<p>Za planowanie i zakup medi&oacute;w na potrzeby promocji produktu marki odpowiada\u0142 dom mediowy Arena, kt&oacute;ry jest cz\u0119\u015bci\u0105 mi\u0119dzynarodowej grupy Havas Media. Kampania obejmie pras\u0119, outdoor oraz media spo\u0142eczno\u015bciowe.<\/p>\n<p>&nbsp;<\/p>\n","protected":false},"excerpt":{"rendered":"Aktorka wyst\u0105pi w nowej kampanii marki, kt&oacute;ra ruszy 2 wrze\u015bnia.","protected":false},"author":1,"featured_media":1044,"comment_status":"open","ping_status":"closed","sticky":false,"template":"","format":"standard","meta":{"csco_display_header_overlay":false,"csco_singular_sidebar":"","csco_page_header_type":"","csco_page_load_nextpost":"","csco_post_video_location":[],"csco_post_video_location_hash":"","csco_post_video_url":"","csco_post_video_bg_start_time":0,"csco_post_video_bg_end_time":0,"footnotes":""},"categories":[9642],"tags":[302],"class_list":{"0":"post-1043","1":"post","2":"type-post","3":"status-publish","4":"format-standard","5":"has-post-thumbnail","7":"category-atl","8":"tag-oriflame-poland","9":"cs-entry","10":"cs-video-wrap"},"_links":{"self":[{"href":"https:\/\/mediarun.com\/pl\/wp-json\/wp\/v2\/posts\/1043","targetHints":{"allow":["GET"]}}],"collection":[{"href":"https:\/\/mediarun.com\/pl\/wp-json\/wp\/v2\/posts"}],"about":[{"href":"https:\/\/mediarun.com\/pl\/wp-json\/wp\/v2\/types\/post"}],"author":[{"embeddable":true,"href":"https:\/\/mediarun.com\/pl\/wp-json\/wp\/v2\/users\/1"}],"replies":[{"embeddable":true,"href":"https:\/\/mediarun.com\/pl\/wp-json\/wp\/v2\/comments?post=1043"}],"version-history":[{"count":0,"href":"https:\/\/mediarun.com\/pl\/wp-json\/wp\/v2\/posts\/1043\/revisions"}],"wp:featuredmedia":[{"embeddable":true,"href":"https:\/\/mediarun.com\/pl\/wp-json\/wp\/v2\/media\/1044"}],"wp:attachment":[{"href":"https:\/\/mediarun.com\/pl\/wp-json\/wp\/v2\/media?parent=1043"}],"wp:term":[{"taxonomy":"category","embeddable":true,"href":"https:\/\/mediarun.com\/pl\/wp-json\/wp\/v2\/categories?post=1043"},{"taxonomy":"post_tag","embeddable":true,"href":"https:\/\/mediarun.com\/pl\/wp-json\/wp\/v2\/tags?post=1043"}],"curies":[{"name":"wp","href":"https:\/\/api.w.org\/{rel}","templated":true}]}}