{"id":10399,"date":"2011-12-01T18:55:40","date_gmt":"2011-12-01T17:55:40","guid":{"rendered":"https:\/\/mediarun.com\/index.php\/news-posts\/nowy-program-satyryczny-w-radiu-zet\/"},"modified":"2011-12-01T18:55:40","modified_gmt":"2011-12-01T17:55:40","slug":"nowy-program-satyryczny-w-radiu-zet","status":"publish","type":"post","link":"https:\/\/mediarun.com\/pl\/media\/radio\/nowy-program-satyryczny-w-radiu-zet.html","title":{"rendered":"Nowy program satyryczny w Radiu Zet"},"content":{"rendered":"<p>Telefony do gwiazd, celebryt&oacute;w i znanych os&oacute;b nie zawsze musz\u0105 by\u0107 powa\u017cne. Udowodni to Kamil Nosel w nowym pe\u0142nym humoru programie &#8222;Nosel kr\u0119ci w Radiu Zet&#8221;. O tym jak mo\u017cna wkr\u0119ci\u0107 gwiazdy polskiego show biznesu s\u0142uchacze Radia Zet przekonaj\u0105 si\u0119 codziennie od poniedzia\u0142ku do pi\u0105tku po godz. 11.20. Premierowy odcinek zostanie wyemitowany w poniedzia\u0142ek 5 grudnia.<\/p>\n<p>Kamil Nosel to radiowy specjalista od wkr\u0119cania ludzi. Swoje do\u015bwiadczenie zdobywa\u0142 w Radiu Aplauz, Muzycznym Radiu, a ostatnio w Radiu Z\u0142ote Przeboje.<\/p>\n<p>Wyemitowane odcinki programu &#8222;Nosel kr\u0119ci w Radiu Zet&#8221; b\u0119d\u0105 dost\u0119pne na stronie <a rel=\"nofollow noopener\" href=\"http:\/\/www.radiozet.pl\" target=\"_blank\">www.radiozet.pl<\/a>.<\/p>\n","protected":false},"excerpt":{"rendered":"Od 5 grudnia na antenie Radia ZET b\u0119dzie mo\u017cna us\u0142ysze\u0107 nowy satyryczny program &#8222;Nosel kr\u0119ci w Radiu Zet&#8221;. Poprowadzi go Kamil Nosel.","protected":false},"author":1,"featured_media":10400,"comment_status":"open","ping_status":"closed","sticky":false,"template":"","format":"standard","meta":{"csco_display_header_overlay":false,"csco_singular_sidebar":"","csco_page_header_type":"","csco_page_load_nextpost":"","csco_post_video_location":[],"csco_post_video_location_hash":"","csco_post_video_url":"","csco_post_video_bg_start_time":0,"csco_post_video_bg_end_time":0,"footnotes":""},"categories":[9672],"tags":[1083],"class_list":{"0":"post-10399","1":"post","2":"type-post","3":"status-publish","4":"format-standard","5":"has-post-thumbnail","7":"category-radio","8":"tag-nielsen-audience-measurement","9":"cs-entry","10":"cs-video-wrap"},"_links":{"self":[{"href":"https:\/\/mediarun.com\/pl\/wp-json\/wp\/v2\/posts\/10399","targetHints":{"allow":["GET"]}}],"collection":[{"href":"https:\/\/mediarun.com\/pl\/wp-json\/wp\/v2\/posts"}],"about":[{"href":"https:\/\/mediarun.com\/pl\/wp-json\/wp\/v2\/types\/post"}],"author":[{"embeddable":true,"href":"https:\/\/mediarun.com\/pl\/wp-json\/wp\/v2\/users\/1"}],"replies":[{"embeddable":true,"href":"https:\/\/mediarun.com\/pl\/wp-json\/wp\/v2\/comments?post=10399"}],"version-history":[{"count":0,"href":"https:\/\/mediarun.com\/pl\/wp-json\/wp\/v2\/posts\/10399\/revisions"}],"wp:featuredmedia":[{"embeddable":true,"href":"https:\/\/mediarun.com\/pl\/wp-json\/wp\/v2\/media\/10400"}],"wp:attachment":[{"href":"https:\/\/mediarun.com\/pl\/wp-json\/wp\/v2\/media?parent=10399"}],"wp:term":[{"taxonomy":"category","embeddable":true,"href":"https:\/\/mediarun.com\/pl\/wp-json\/wp\/v2\/categories?post=10399"},{"taxonomy":"post_tag","embeddable":true,"href":"https:\/\/mediarun.com\/pl\/wp-json\/wp\/v2\/tags?post=10399"}],"curies":[{"name":"wp","href":"https:\/\/api.w.org\/{rel}","templated":true}]}}