{"id":10351,"date":"2011-12-05T15:56:16","date_gmt":"2011-12-05T14:56:16","guid":{"rendered":"https:\/\/mediarun.com\/index.php\/news-posts\/rozbierany-kalendarz-eski-juz-6-grudnia\/"},"modified":"2011-12-05T15:56:16","modified_gmt":"2011-12-05T14:56:16","slug":"rozbierany-kalendarz-eski-juz-6-grudnia","status":"publish","type":"post","link":"https:\/\/mediarun.com\/pl\/media\/prasa\/rozbierany-kalendarz-eski-juz-6-grudnia.html","title":{"rendered":"Rozbierany kalendarz Eski ju\u017c 6 grudnia"},"content":{"rendered":"<p>Odzie\u017c o warto\u015bci zysku ze sprzeda\u017cy publikacji zostanie przekazana do trzech plac&oacute;wek: Domu Dziecka w Trzci\u0144sku-Zdroju, Domu Dziecka im. Dr. H. Jordana w Kaczorowie oraz Domu Dziecka im. Ewy Szelburg-Zarembiny w Lublinie.<\/p>\n<p>Dwana\u015bcie artystycznych zdj\u0119\u0107 zawartych w kalendarzu to dzie\u0142o fotografa Rafa\u0142a Milacha. Za sesj\u0119 zdj\u0119ciow\u0105 odpowiedzialne by\u0142o studio AFPhoto, stylizacje przygotowa\u0142 natomiast Andrzej Sobolewski.<\/p>\n<p>Materia\u0142 video oraz zdj\u0119cia z realizacji sesji mo\u017cna ju\u017c teraz obejrze\u0107 na dedykowanej kalendarzowi <a rel=\"nofollow noopener\" href=\"http:\/\/www.eska.pl\/kalendarz_2012\" target=\"_blank\">podstronie<\/a> w serwisie Eska.pl. Do internetu trafi\u0142y r&oacute;wnie\u017c trzy teasery video, zapowiadaj\u0105ce premier\u0119 publikacji i przedstawiaj\u0105ce kulisy sesji zdj\u0119ciowej.<\/p>\n<p>Premierze kalendarza towarzyszy miesi\u0119czna kampania promocyjna, obejmuj\u0105ca radio Eska, dzia\u0142ania w prasie (Flesz, Party) oraz internecie (Onet.pl, Wp.pl, Eska.pl i profil Eski na Facebooku).<\/p>\n<p>Kalendarz jest dost\u0119pny w sprzeda\u017cy internetowej na stronie Eska.pl.<\/p>\n","protected":false},"excerpt":{"rendered":"Kalendarz, kt&oacute;ry przedstawia rozbieran\u0105 sesj\u0119 zdj\u0119ciow\u0105 DJ&#8217;&oacute;w Eski, trafi do odbiorc&oacute;w w Miko\u0142ajki.","protected":false},"author":1,"featured_media":10352,"comment_status":"open","ping_status":"closed","sticky":false,"template":"","format":"standard","meta":{"csco_display_header_overlay":false,"csco_singular_sidebar":"","csco_page_header_type":"","csco_page_load_nextpost":"","csco_post_video_location":[],"csco_post_video_location_hash":"","csco_post_video_url":"","csco_post_video_bg_start_time":0,"csco_post_video_bg_end_time":0,"footnotes":""},"categories":[9673],"tags":[622,1573],"class_list":{"0":"post-10351","1":"post","2":"type-post","3":"status-publish","4":"format-standard","5":"has-post-thumbnail","7":"category-prasa","8":"tag-eska","9":"tag-house","10":"cs-entry","11":"cs-video-wrap"},"_links":{"self":[{"href":"https:\/\/mediarun.com\/pl\/wp-json\/wp\/v2\/posts\/10351","targetHints":{"allow":["GET"]}}],"collection":[{"href":"https:\/\/mediarun.com\/pl\/wp-json\/wp\/v2\/posts"}],"about":[{"href":"https:\/\/mediarun.com\/pl\/wp-json\/wp\/v2\/types\/post"}],"author":[{"embeddable":true,"href":"https:\/\/mediarun.com\/pl\/wp-json\/wp\/v2\/users\/1"}],"replies":[{"embeddable":true,"href":"https:\/\/mediarun.com\/pl\/wp-json\/wp\/v2\/comments?post=10351"}],"version-history":[{"count":0,"href":"https:\/\/mediarun.com\/pl\/wp-json\/wp\/v2\/posts\/10351\/revisions"}],"wp:featuredmedia":[{"embeddable":true,"href":"https:\/\/mediarun.com\/pl\/wp-json\/wp\/v2\/media\/10352"}],"wp:attachment":[{"href":"https:\/\/mediarun.com\/pl\/wp-json\/wp\/v2\/media?parent=10351"}],"wp:term":[{"taxonomy":"category","embeddable":true,"href":"https:\/\/mediarun.com\/pl\/wp-json\/wp\/v2\/categories?post=10351"},{"taxonomy":"post_tag","embeddable":true,"href":"https:\/\/mediarun.com\/pl\/wp-json\/wp\/v2\/tags?post=10351"}],"curies":[{"name":"wp","href":"https:\/\/api.w.org\/{rel}","templated":true}]}}