{"id":10297,"date":"2011-12-06T22:26:23","date_gmt":"2011-12-06T21:26:23","guid":{"rendered":"https:\/\/mediarun.com\/index.php\/news-posts\/wszystkie-dzienniki-regionalne-stracily-czytelnikow\/"},"modified":"2011-12-06T22:26:23","modified_gmt":"2011-12-06T21:26:23","slug":"wszystkie-dzienniki-regionalne-stracily-czytelnikow","status":"publish","type":"post","link":"https:\/\/mediarun.com\/pl\/media\/prasa\/wszystkie-dzienniki-regionalne-stracily-czytelnikow.html","title":{"rendered":"Wszystkie dzienniki regionalne straci\u0142y czytelnik\u00f3w"},"content":{"rendered":"<p>Jak wynika z danych ZKDP, liderem sprzeda\u017cy by\u0142a w pa\u017adzierniku 2011 r. Gazeta Pomorska (60 864 egz., spadek o 9,0 proc.).<\/p>\n<p>Tu\u017c za ni\u0105 w zestawieniu uplasowa\u0142 si\u0119 Polska Dziennik Zachodni, kt&oacute;ry w ubieg\u0142ym miesi\u0105cu by\u0142 liderem w tym segmencie (60 481 egz., mniej o 14,4 proc.). Trzecia lokata nale\u017ca\u0142a w pa\u017adzierniku br. do Expressu Ilustrowanego, kt&oacute;ry straci\u0142 najwi\u0119cej (43 061 egz., 20,3 proc. spadku).<\/p>\n<p>Czwarte miejsce pod wzgl\u0119dem sprzeda\u017cy zaj\u0105\u0142 dziennik Polska G\u0142os Wielkopolski (41 586 egz., 10,1 proc. spadku), a pierwsz\u0105 pi\u0105tk\u0119 zamkn\u0105\u0142 Polska Dziennik Ba\u0142tycki (36 093 egz., 18,8 proc. mniej).<\/p>\n<p>Na kolejnych pozycjach znalaz\u0142y si\u0119: Polska Dziennik \u0141&oacute;dzki (34 558 egz., 10,8 proc. mniej), Gazeta Lubuska (34 377 egz., 15,7 proc. mniej), Dziennik Polski (32 766&nbsp;egz. 16,0 proc. spadku) oraz G\u0142os &#8211; Dziennik Pomorza (32 628 egz., spadek o 14,3 proc.), .<\/p>\n<p>W zestawieniu 15. dziennik&oacute;w regionalnych o najwi\u0119kszej sprzeda\u017cy znalaz\u0142y si\u0119 tak\u017ce: Echo Dnia (32 213 egz., mniej o 14,9 proc.), Polska Gazeta Wroc\u0142awska (25 189 egz., 9,2 proc. spadku), Nowa Trybuna Opolska (25 176&nbsp;egz., 3,2 proc. spadku), Polska Gazeta Krakowska (25 115&nbsp;egz., spadek o 10,9 proc.), Gazeta Codzienna Nowiny (24 719 egz., 16,0 proc.mniej) oraz Gazeta Olszty\u0144ska\/Dziennik Elbl\u0105ski (22 296 egz., mniej o 9,4 proc.).<\/p>\n<p><em>Powy\u017csze dane odnosz\u0105 si\u0119 do pozycji z zestawienia Zwi\u0105zku Kontroli Dystrybucji Prasy, okre\u015blonej jako &#8222;rozpowszechnianie p\u0142atne razem&#8221;.<\/em><\/p>\n","protected":false},"excerpt":{"rendered":"We pa\u017adzierniku br. wszystkie du\u017ce dzienniki regionalne odnotowa\u0142y spadek sprzeda\u017cy. Najwi\u0119cej czytelnik&oacute;w straci\u0142 Express Ilustrowany.","protected":false},"author":1,"featured_media":10298,"comment_status":"open","ping_status":"closed","sticky":false,"template":"","format":"standard","meta":{"csco_display_header_overlay":false,"csco_singular_sidebar":"","csco_page_header_type":"","csco_page_load_nextpost":"","csco_post_video_location":[],"csco_post_video_location_hash":"","csco_post_video_url":"","csco_post_video_bg_start_time":0,"csco_post_video_bg_end_time":0,"footnotes":""},"categories":[9673],"tags":[1357],"class_list":{"0":"post-10297","1":"post","2":"type-post","3":"status-publish","4":"format-standard","5":"has-post-thumbnail","7":"category-prasa","8":"tag-zkdp","9":"cs-entry","10":"cs-video-wrap"},"_links":{"self":[{"href":"https:\/\/mediarun.com\/pl\/wp-json\/wp\/v2\/posts\/10297","targetHints":{"allow":["GET"]}}],"collection":[{"href":"https:\/\/mediarun.com\/pl\/wp-json\/wp\/v2\/posts"}],"about":[{"href":"https:\/\/mediarun.com\/pl\/wp-json\/wp\/v2\/types\/post"}],"author":[{"embeddable":true,"href":"https:\/\/mediarun.com\/pl\/wp-json\/wp\/v2\/users\/1"}],"replies":[{"embeddable":true,"href":"https:\/\/mediarun.com\/pl\/wp-json\/wp\/v2\/comments?post=10297"}],"version-history":[{"count":0,"href":"https:\/\/mediarun.com\/pl\/wp-json\/wp\/v2\/posts\/10297\/revisions"}],"wp:featuredmedia":[{"embeddable":true,"href":"https:\/\/mediarun.com\/pl\/wp-json\/wp\/v2\/media\/10298"}],"wp:attachment":[{"href":"https:\/\/mediarun.com\/pl\/wp-json\/wp\/v2\/media?parent=10297"}],"wp:term":[{"taxonomy":"category","embeddable":true,"href":"https:\/\/mediarun.com\/pl\/wp-json\/wp\/v2\/categories?post=10297"},{"taxonomy":"post_tag","embeddable":true,"href":"https:\/\/mediarun.com\/pl\/wp-json\/wp\/v2\/tags?post=10297"}],"curies":[{"name":"wp","href":"https:\/\/api.w.org\/{rel}","templated":true}]}}