{"id":10289,"date":"2011-12-06T23:16:00","date_gmt":"2011-12-06T22:16:00","guid":{"rendered":"https:\/\/mediarun.com\/index.php\/news-posts\/the-killing-w-ale-kino-hd\/"},"modified":"2011-12-06T23:16:00","modified_gmt":"2011-12-06T22:16:00","slug":"the-killing-w-ale-kino-hd","status":"publish","type":"post","link":"https:\/\/mediarun.com\/pl\/media\/tv\/the-killing-w-ale-kino-hd.html","title":{"rendered":"&#8222;The killing&#8221; w ale kino+ HD"},"content":{"rendered":"<p>&#8222;The Killing&#8221; (&#8222;Forbrydelsen&#8221;) opowiada o \u015bledztwie w sprawie zagadkowego morderstwa nastolatki, Nanny Birk Larsen.<\/p>\n<p><strong>Opis serialu:<\/strong><br \/>Serial rozpoczyna si\u0119 w momencie, gdy w lesie pod Kopenhag\u0105 zostaje znaleziona damska bielizna i kilka rzeczy osobistych. Wiedziona instynktem detektyw Sarah Lund (Sofie Grabol) wszczyna poszukiwania. Czyni to wbrew sugestiom aroganckiego detektywa Jana Meyera (Soren Malling), kt&oacute;ry zast\u0105pi j\u0105 w wydziale zab&oacute;jstw. Jest to ostatni dzie\u0144 pracy policjantki, kt&oacute;ra ma nazajutrz przeprowadzi\u0107 si\u0119 do Szwecji. Wkr&oacute;tce, dzi\u0119ki \u015bledztwu prowadzonemu przez Sarah, z pobliskiego jeziora zostaje wy\u0142owiony samoch&oacute;d ze zw\u0142okami m\u0142odej dziewczyny.<\/p>\n<p>Si\u0142\u0105 serialu s\u0105 przede wszystkim bohaterowie. Tu nie ma postaci drugoplanowych &#8211; detektyw Sarah Lund obsesyjnie po\u015bwi\u0119caj\u0105c si\u0119 \u015bledztwu nara\u017ca na szwank \u017cycie osobiste. Ojciec zamordowanej dziewczyny widz\u0105c nieudolno\u015b\u0107 policji zapragnie sam wymierzy\u0107 sprawiedliwo\u015b\u0107. Uwik\u0142any w zbrodni\u0119 polityk Troels Hartmann b\u0119dzie musia\u0142 zdecydowa\u0107, czy w imi\u0119 kariery sprzeniewierzy\u0107 si\u0119 w\u0142asnym idea\u0142om &#8222;The Killing&#8221; umiej\u0119tnie zwodzi widza podsuwaj\u0105c coraz innych prawdopodobnych sprawc&oacute;w zbrodni. Prawda zosta\u0142a dobrze ukryta, a proces jej odkrywania wci\u0105ga jak najlepsza \u0142amig\u0142&oacute;wka.<\/p>\n<p>W \u015brod\u0119 7 grudnia, przed emisj\u0105 pierwszego odcinka, ale kino+ HD zaprasza na magazyn &#8222;Kino M&oacute;wi Extra&#8221;, w kt&oacute;rym Maksymilian Cegielski i jego go\u015bcie &#8211; badacz popkultury Kamil M. \u015amia\u0142kowski, krytyk filmowy Jacek Szczerba i socjolog Maciej Gdula &#8211; porozmawiaj\u0105 m.in. o fenomenie &#8222;The Killing&#8221; i o wsp&oacute;\u0142czesnych serialach kryminalnych.<\/p>\n<p>W ka\u017cd\u0105 \u015brod\u0119, od 7 grudnia, ale kino+ HD poka\u017ce dwa odcinki serialu. Powt&oacute;rki w pi\u0105tki ok. godz. 22.00.<\/p>\n","protected":false},"excerpt":{"rendered":"Od 7 grudnia ale kino+ HD zaprasza serial &#8222;The Killing&#8221;. Stacja poka\u017ce premierowo oba sezony, czyli 30 odcink&oacute;w. Emisje w ka\u017cd\u0105 \u015brod\u0119 od 20.10.","protected":false},"author":1,"featured_media":10290,"comment_status":"open","ping_status":"closed","sticky":false,"template":"","format":"standard","meta":{"csco_display_header_overlay":false,"csco_singular_sidebar":"","csco_page_header_type":"","csco_page_load_nextpost":"","csco_post_video_location":[],"csco_post_video_location_hash":"","csco_post_video_url":"","csco_post_video_bg_start_time":0,"csco_post_video_bg_end_time":0,"footnotes":""},"categories":[9670],"tags":[],"class_list":{"0":"post-10289","1":"post","2":"type-post","3":"status-publish","4":"format-standard","5":"has-post-thumbnail","7":"category-tv","8":"cs-entry","9":"cs-video-wrap"},"_links":{"self":[{"href":"https:\/\/mediarun.com\/pl\/wp-json\/wp\/v2\/posts\/10289","targetHints":{"allow":["GET"]}}],"collection":[{"href":"https:\/\/mediarun.com\/pl\/wp-json\/wp\/v2\/posts"}],"about":[{"href":"https:\/\/mediarun.com\/pl\/wp-json\/wp\/v2\/types\/post"}],"author":[{"embeddable":true,"href":"https:\/\/mediarun.com\/pl\/wp-json\/wp\/v2\/users\/1"}],"replies":[{"embeddable":true,"href":"https:\/\/mediarun.com\/pl\/wp-json\/wp\/v2\/comments?post=10289"}],"version-history":[{"count":0,"href":"https:\/\/mediarun.com\/pl\/wp-json\/wp\/v2\/posts\/10289\/revisions"}],"wp:featuredmedia":[{"embeddable":true,"href":"https:\/\/mediarun.com\/pl\/wp-json\/wp\/v2\/media\/10290"}],"wp:attachment":[{"href":"https:\/\/mediarun.com\/pl\/wp-json\/wp\/v2\/media?parent=10289"}],"wp:term":[{"taxonomy":"category","embeddable":true,"href":"https:\/\/mediarun.com\/pl\/wp-json\/wp\/v2\/categories?post=10289"},{"taxonomy":"post_tag","embeddable":true,"href":"https:\/\/mediarun.com\/pl\/wp-json\/wp\/v2\/tags?post=10289"}],"curies":[{"name":"wp","href":"https:\/\/api.w.org\/{rel}","templated":true}]}}