{"id":10253,"date":"2011-12-07T20:03:25","date_gmt":"2011-12-07T19:03:25","guid":{"rendered":"https:\/\/mediarun.com\/index.php\/news-posts\/tvp-historia-pokaze-zeby-polska-byla-polska\/"},"modified":"2011-12-07T20:03:25","modified_gmt":"2011-12-07T19:03:25","slug":"tvp-historia-pokaze-zeby-polska-byla-polska","status":"publish","type":"post","link":"https:\/\/mediarun.com\/pl\/media\/tv\/tvp-historia-pokaze-zeby-polska-byla-polska.html","title":{"rendered":"TVP Historia poka\u017ce &#8222;\u017beby Polska by\u0142a Polsk\u0105&#8221;"},"content":{"rendered":"<p>Program zosta\u0142 zrealizowany przez USIA (United States International Communications Agency) we wsp&oacute;\u0142pracy z Departamentem Obrony USA 30 stycznia 1982 roku. Po wprowadzeniu stanu wojennego, ten dzie\u0144 administracja prezydenta Ronalda Reagana ustanowi\u0142a &#8222;Dniem Solidarno\u015bci z Polsk\u0105&#8221;.<\/p>\n<p>Przy realizacji programu &#8222;\u017beby Polska by\u0142a Polsk\u0105&#8221; po raz pierwszy w pe\u0142ni wykorzystano technologiczne mo\u017cliwo\u015bci telewizji satelitarnej. Dzi\u0119ki temu widzowie mogli uczestniczy\u0107 w wydarzeniach tocz\u0105cych si\u0119 na r&oacute;\u017cnych kontynentach &#8211; od Australii po Rzym, od Waszyngtonu po Islandi\u0119.<\/p>\n<p>Premiera show odby\u0142a si\u0119 31 stycznia 1982 roku. Audycj\u0119 obejrza\u0142o 185 milion&oacute;w widz&oacute;w w 50 krajach \u015bwiata. Wersj\u0119 audio G\u0142os Ameryki przygotowa\u0142 w 39 wersjach j\u0119zykowych. Audycj\u0119 emitowa\u0142y tak\u017ce Radio Wolna Europa, Radio Liberty oraz Radio France. Polscy widzowie dopiero po 30 latach po raz pierwszy b\u0119d\u0105 mogli zobaczy\u0107 to unikatowe widowisko, b\u0119d\u0105ce zapisem idei i emocji tamtych czas&oacute;w, &#8222;Solidarno\u015bci&#8221; w Polsce i solidarno\u015bci \u015bwiata.<\/p>\n<p>Program poprowadzi\u0142 aktor Charlton Heston &#8211; zdobywca Oskara, dzia\u0142acz spo\u0142eczny i telewizyjna osobowo\u015b\u0107. Re\u017cyserem programu by\u0142 Martin Passeta, kt&oacute;ry podobnie jak inni tw&oacute;rcy pracuj\u0105cy przy tym projekcie zrezygnowa\u0142 ze swojego wynagrodzenia, w ten spos&oacute;b demonstruj\u0105c wsparcie dla przedsi\u0119wzi\u0119cia i idei, kt&oacute;re program mia\u0142 przekaza\u0107. Zgodnie z uchwa\u0142\u0105 Kongresu audycja mia\u0142a Polakom da\u0107 poczucie, \u017ce &#8222;Amerykanie oraz wszystkie wolne narody \u015bwiata wspieraj\u0105 walk\u0119 o mo\u017cliwo\u015b\u0107 samostanowienia o swoim kraju i swoim losie&#8221;.<\/p>\n<p>W programie udzia\u0142 wzi\u0119li premierzy i prezydenci 15 kraj&oacute;w \u015bwiata m.in. Ronald Reagan, Margaret Thatcher, Francois Mitterand. Wszyscy jednym g\u0142osem apelowali &#8222;\u017beby Polska by\u0142a Polsk\u0105&#8221;.<\/p>\n<p>Emisja programu poprzedzona zostanie rozmow\u0105 z ambasadorem USA w Polsce panem Lee Feinsteinem. &#8222;\u017beby Polska by\u0142a Polsk\u0105&#8221; w TVP Historia we wtorek, 13 grudnia o godz. 20.00.<\/p>\n","protected":false},"excerpt":{"rendered":"Po trzydziestu latach od \u015bwiatowej premiery w TVP Historia pokazane zostanie show polityczne &#8222;\u017beby Polska by\u0142a Polsk\u0105&#8221;.","protected":false},"author":1,"featured_media":10254,"comment_status":"open","ping_status":"closed","sticky":false,"template":"","format":"standard","meta":{"csco_display_header_overlay":false,"csco_singular_sidebar":"","csco_page_header_type":"","csco_page_load_nextpost":"","csco_post_video_location":[],"csco_post_video_location_hash":"","csco_post_video_url":"","csco_post_video_bg_start_time":0,"csco_post_video_bg_end_time":0,"footnotes":""},"categories":[9670],"tags":[1365],"class_list":{"0":"post-10253","1":"post","2":"type-post","3":"status-publish","4":"format-standard","5":"has-post-thumbnail","7":"category-tv","8":"tag-tvp-historia","9":"cs-entry","10":"cs-video-wrap"},"_links":{"self":[{"href":"https:\/\/mediarun.com\/pl\/wp-json\/wp\/v2\/posts\/10253","targetHints":{"allow":["GET"]}}],"collection":[{"href":"https:\/\/mediarun.com\/pl\/wp-json\/wp\/v2\/posts"}],"about":[{"href":"https:\/\/mediarun.com\/pl\/wp-json\/wp\/v2\/types\/post"}],"author":[{"embeddable":true,"href":"https:\/\/mediarun.com\/pl\/wp-json\/wp\/v2\/users\/1"}],"replies":[{"embeddable":true,"href":"https:\/\/mediarun.com\/pl\/wp-json\/wp\/v2\/comments?post=10253"}],"version-history":[{"count":0,"href":"https:\/\/mediarun.com\/pl\/wp-json\/wp\/v2\/posts\/10253\/revisions"}],"wp:featuredmedia":[{"embeddable":true,"href":"https:\/\/mediarun.com\/pl\/wp-json\/wp\/v2\/media\/10254"}],"wp:attachment":[{"href":"https:\/\/mediarun.com\/pl\/wp-json\/wp\/v2\/media?parent=10253"}],"wp:term":[{"taxonomy":"category","embeddable":true,"href":"https:\/\/mediarun.com\/pl\/wp-json\/wp\/v2\/categories?post=10253"},{"taxonomy":"post_tag","embeddable":true,"href":"https:\/\/mediarun.com\/pl\/wp-json\/wp\/v2\/tags?post=10253"}],"curies":[{"name":"wp","href":"https:\/\/api.w.org\/{rel}","templated":true}]}}