{"id":10251,"date":"2011-12-07T20:19:11","date_gmt":"2011-12-07T19:19:11","guid":{"rendered":"https:\/\/mediarun.com\/index.php\/news-posts\/dziennik-gazeta-prawna-z-korespondentami-w-brukseli-i-berlinie\/"},"modified":"2011-12-07T20:19:11","modified_gmt":"2011-12-07T19:19:11","slug":"dziennik-gazeta-prawna-z-korespondentami-w-brukseli-i-berlinie","status":"publish","type":"post","link":"https:\/\/mediarun.com\/pl\/media\/prasa\/dziennik-gazeta-prawna-z-korespondentami-w-brukseli-i-berlinie.html","title":{"rendered":"Dziennik Gazeta Prawna z korespondentami w Brukseli i Berlinie"},"content":{"rendered":"<p>Od 1 grudnia korespondentk\u0105 DGP w Brukseli jest Domika \u0106osi\u0107 &#8211; dawniej relacjonuj\u0105ca wydarzenia unijne dla tygodnika Wprost.<\/p>\n<p>Z Berlina do Dziennika Gazety Prawnej pisze Rafa\u0142 Wo\u015b, kt&oacute;ry od 2006 roku najpierw w Dzienniku, a nast\u0119pnie w DGP, zajmuje si\u0119 w tematyk\u0105 niemieck\u0105.<\/p>\n","protected":false},"excerpt":{"rendered":"W zwi\u0105zku z rosn\u0105cym znaczeniem wydarze\u0144 zwi\u0105zanych z kryzysem zad\u0142u\u017cenia w strefie euro Dziennik Gazeta Prawna ma sta\u0142ych wsp&oacute;\u0142pracownik&oacute;w w Brukseli i Berlinie.","protected":false},"author":1,"featured_media":10252,"comment_status":"open","ping_status":"closed","sticky":false,"template":"","format":"standard","meta":{"csco_display_header_overlay":false,"csco_singular_sidebar":"","csco_page_header_type":"","csco_page_load_nextpost":"","csco_post_video_location":[],"csco_post_video_location_hash":"","csco_post_video_url":"","csco_post_video_bg_start_time":0,"csco_post_video_bg_end_time":0,"footnotes":""},"categories":[9673],"tags":[1268],"class_list":{"0":"post-10251","1":"post","2":"type-post","3":"status-publish","4":"format-standard","5":"has-post-thumbnail","7":"category-prasa","8":"tag-dziennik-gazeta-prawna","9":"cs-entry","10":"cs-video-wrap"},"_links":{"self":[{"href":"https:\/\/mediarun.com\/pl\/wp-json\/wp\/v2\/posts\/10251","targetHints":{"allow":["GET"]}}],"collection":[{"href":"https:\/\/mediarun.com\/pl\/wp-json\/wp\/v2\/posts"}],"about":[{"href":"https:\/\/mediarun.com\/pl\/wp-json\/wp\/v2\/types\/post"}],"author":[{"embeddable":true,"href":"https:\/\/mediarun.com\/pl\/wp-json\/wp\/v2\/users\/1"}],"replies":[{"embeddable":true,"href":"https:\/\/mediarun.com\/pl\/wp-json\/wp\/v2\/comments?post=10251"}],"version-history":[{"count":0,"href":"https:\/\/mediarun.com\/pl\/wp-json\/wp\/v2\/posts\/10251\/revisions"}],"wp:featuredmedia":[{"embeddable":true,"href":"https:\/\/mediarun.com\/pl\/wp-json\/wp\/v2\/media\/10252"}],"wp:attachment":[{"href":"https:\/\/mediarun.com\/pl\/wp-json\/wp\/v2\/media?parent=10251"}],"wp:term":[{"taxonomy":"category","embeddable":true,"href":"https:\/\/mediarun.com\/pl\/wp-json\/wp\/v2\/categories?post=10251"},{"taxonomy":"post_tag","embeddable":true,"href":"https:\/\/mediarun.com\/pl\/wp-json\/wp\/v2\/tags?post=10251"}],"curies":[{"name":"wp","href":"https:\/\/api.w.org\/{rel}","templated":true}]}}