{"id":10191,"date":"2011-12-09T20:15:32","date_gmt":"2011-12-09T19:15:32","guid":{"rendered":"https:\/\/mediarun.com\/index.php\/news-posts\/dariusz-ociepa-zastapi-tomasza-machale\/"},"modified":"2011-12-09T20:15:32","modified_gmt":"2011-12-09T19:15:32","slug":"dariusz-ociepa-zastapi-tomasza-machale","status":"publish","type":"post","link":"https:\/\/mediarun.com\/pl\/media\/tv\/dariusz-ociepa-zastapi-tomasza-machale.html","title":{"rendered":"Dariusz Ociepa zast\u0105pi Tomasza Macha\u0142\u0119"},"content":{"rendered":"<p>Tomasz Macha\u0142a rozstaje si\u0119 z redakcj\u0105 &#8222;Wydarze\u0144&#8221; z dniem 1 stycznia 2012 r. Zostanie redaktorem naczelnym nowego serwisu internetowego, przygotowywanego m.in. przez Tomasza Lisa.<\/p>\n<p>Dariusz Ociepa pracowa\u0142 dotychczas w Polsat News, gdzie by\u0142 reporterem i prowadz\u0105cym m.in. program &#8222;Co do minuty&#8221;.<\/p>\n<p>Wcze\u015bniej pracowa\u0142 m.in. w RMF FM, w &#8222;Wiadomo\u015bciach&#8221; TVP i w TV Biznes. Odby\u0142 sta\u017c w telewizji CNN, relacjonowa\u0142 najwa\u017cniejsze wydarzenia, m.in. wybory, \u015bmier\u0107 Jana Paw\u0142a II i pielgrzymk\u0119 Benedykta XVI.<\/p>\n","protected":false},"excerpt":{"rendered":"Dariusz Ociepa, dziennikarz Polsat News, zast\u0105pi Tomasza Macha\u0142\u0119 na stanowisku reportera g\u0142&oacute;wnego wydania &#8222;Wydarze\u0144&#8221; o godz. 18.50.","protected":false},"author":1,"featured_media":10192,"comment_status":"open","ping_status":"closed","sticky":false,"template":"","format":"standard","meta":{"csco_display_header_overlay":false,"csco_singular_sidebar":"","csco_page_header_type":"","csco_page_load_nextpost":"","csco_post_video_location":[],"csco_post_video_location_hash":"","csco_post_video_url":"","csco_post_video_bg_start_time":0,"csco_post_video_bg_end_time":0,"footnotes":""},"categories":[9670],"tags":[97,9681],"class_list":{"0":"post-10191","1":"post","2":"type-post","3":"status-publish","4":"format-standard","5":"has-post-thumbnail","7":"category-tv","8":"tag-polsat","9":"tag-wydarzenia","10":"cs-entry","11":"cs-video-wrap"},"_links":{"self":[{"href":"https:\/\/mediarun.com\/pl\/wp-json\/wp\/v2\/posts\/10191","targetHints":{"allow":["GET"]}}],"collection":[{"href":"https:\/\/mediarun.com\/pl\/wp-json\/wp\/v2\/posts"}],"about":[{"href":"https:\/\/mediarun.com\/pl\/wp-json\/wp\/v2\/types\/post"}],"author":[{"embeddable":true,"href":"https:\/\/mediarun.com\/pl\/wp-json\/wp\/v2\/users\/1"}],"replies":[{"embeddable":true,"href":"https:\/\/mediarun.com\/pl\/wp-json\/wp\/v2\/comments?post=10191"}],"version-history":[{"count":0,"href":"https:\/\/mediarun.com\/pl\/wp-json\/wp\/v2\/posts\/10191\/revisions"}],"wp:featuredmedia":[{"embeddable":true,"href":"https:\/\/mediarun.com\/pl\/wp-json\/wp\/v2\/media\/10192"}],"wp:attachment":[{"href":"https:\/\/mediarun.com\/pl\/wp-json\/wp\/v2\/media?parent=10191"}],"wp:term":[{"taxonomy":"category","embeddable":true,"href":"https:\/\/mediarun.com\/pl\/wp-json\/wp\/v2\/categories?post=10191"},{"taxonomy":"post_tag","embeddable":true,"href":"https:\/\/mediarun.com\/pl\/wp-json\/wp\/v2\/tags?post=10191"}],"curies":[{"name":"wp","href":"https:\/\/api.w.org\/{rel}","templated":true}]}}