{"id":10153,"date":"2011-12-11T20:35:08","date_gmt":"2011-12-11T19:35:08","guid":{"rendered":"https:\/\/mediarun.com\/index.php\/news-posts\/polskie-radio-uruchamia-serwis-o-stanie-wojennym\/"},"modified":"2011-12-11T20:35:08","modified_gmt":"2011-12-11T19:35:08","slug":"polskie-radio-uruchamia-serwis-o-stanie-wojennym","status":"publish","type":"post","link":"https:\/\/mediarun.com\/pl\/media\/radio\/polskie-radio-uruchamia-serwis-o-stanie-wojennym.html","title":{"rendered":"Polskie Radio uruchamia serwis o stanie wojennym"},"content":{"rendered":"<p>Kilka tysi\u0119cy minut historycznych d\u017awi\u0119k&oacute;w z archiw&oacute;w Polskiego Radia, Wolnej Europy i BBC, m.in. audycje obrazuj\u0105ce sytuacj\u0119 w Polsce tu\u017c przed 13 grudnia 1981, pami\u0119tne przem&oacute;wienie gen. Wojciecha Jaruzelskiego, nagrania dotycz\u0105ce dramatycznych wydarze\u0144 w kopalni &#8222;Wujek&#8221;, reakcje Zachodu na wydarzenia w Polsce &#8211; to wszystko b\u0119dzie mo\u017cna znale\u017a\u0107 na stronie internetowej <a rel=\"nofollow\" href=\"stanwojenny.polskieradio.pl\" target=\"_blank\">stanwojenny.polskieradio.pl<\/a>.<\/p>\n<p>Serwis Polskiego Radia uzupe\u0142niaj\u0105 wypowiedzi Jana Paw\u0142a II, prezydenta USA Ronalda Reagana, Zbigniewa Brzezi\u0144skiego, oraz komentarze Czes\u0142awa Mi\u0142osza, Jana Kotta, Jerzego Giedroycia, Leopolda Tyrmanda. R&oacute;wnie\u017c listy os&oacute;b internowanych oraz komunikaty MSW o wprowadzeniu godziny milicyjnej. Ponadto dokumenty, publikacje paryskiej &#8222;Kultury&#8221; oraz pierwszy wywiad dla &#8222;Kultury&#8221; p\u0142k Ryszarda Kukli\u0144skiego &#8211; uciekiniera z PRL, kt&oacute;ry wstrz\u0105sn\u0105\u0142 ca\u0142ym obozem komunistycznym.<\/p>\n<p>W serwisie znajdzie si\u0119 tak\u017ce wywiad, kt&oacute;rego udzieli\u0142 portalowi polskieradio.pl Lech Wa\u0142\u0119sa, przyw&oacute;dca Solidarno\u015bci, p&oacute;\u017aniejszy prezydent.<\/p>\n<p>Na serwisie stanwojenny.polskieradio.pl znajdzie si\u0119 dodatkowo kilkaset zdj\u0119\u0107 udost\u0119pnionych przez PAP, IPN, O\u015brodek Karta, Europejskie Centrum Solidarno\u015bci, oraz tw&oacute;rczo\u015b\u0107 wi\u0119zienna internowanych w stanie wojennym dzia\u0142aczy Solidarno\u015bci, kt&oacute;r\u0105 zgromadzi\u0142o Stowarzyszenie Wolnego S\u0142owa.<\/p>\n<p>Portal Polskiego Radia nawi\u0105za\u0142 kontakt z Ireneuszem Piotrowskim &#8211; fotografem-amatorem, autorem zdj\u0119cia kina Moskwa z afiszem filmu wy\u015bwietlanego w grudniu 1981 roku &#8222;Czas Apokalipsy&#8221;. By\u0142 to jeden z pierwszych dni stanu wojennego. Takie samo zdj\u0119cie, w tym samym czasie, zrobi\u0142 fotograf Chris Niedenthal. Historii obu fotografii, opowiedzianych przez ich autor&oacute;w, mo\u017cna b\u0119dzie wys\u0142ucha\u0107 w serwisie.<\/p>\n<p>Serwis uruchomiony zostanie 13. grudnia.<\/p>\n","protected":false},"excerpt":{"rendered":"Z okazji 30. rocznicy wprowadzenia w Polsce stanu wojennego, Polskie Radio uruchamia specjalny serwis internetowy po\u015bwi\u0119cony temu wydarzeniu.","protected":false},"author":1,"featured_media":10154,"comment_status":"open","ping_status":"closed","sticky":false,"template":"","format":"standard","meta":{"csco_display_header_overlay":false,"csco_singular_sidebar":"","csco_page_header_type":"","csco_page_load_nextpost":"","csco_post_video_location":[],"csco_post_video_location_hash":"","csco_post_video_url":"","csco_post_video_bg_start_time":0,"csco_post_video_bg_end_time":0,"footnotes":""},"categories":[9672],"tags":[],"class_list":{"0":"post-10153","1":"post","2":"type-post","3":"status-publish","4":"format-standard","5":"has-post-thumbnail","7":"category-radio","8":"cs-entry","9":"cs-video-wrap"},"_links":{"self":[{"href":"https:\/\/mediarun.com\/pl\/wp-json\/wp\/v2\/posts\/10153","targetHints":{"allow":["GET"]}}],"collection":[{"href":"https:\/\/mediarun.com\/pl\/wp-json\/wp\/v2\/posts"}],"about":[{"href":"https:\/\/mediarun.com\/pl\/wp-json\/wp\/v2\/types\/post"}],"author":[{"embeddable":true,"href":"https:\/\/mediarun.com\/pl\/wp-json\/wp\/v2\/users\/1"}],"replies":[{"embeddable":true,"href":"https:\/\/mediarun.com\/pl\/wp-json\/wp\/v2\/comments?post=10153"}],"version-history":[{"count":0,"href":"https:\/\/mediarun.com\/pl\/wp-json\/wp\/v2\/posts\/10153\/revisions"}],"wp:featuredmedia":[{"embeddable":true,"href":"https:\/\/mediarun.com\/pl\/wp-json\/wp\/v2\/media\/10154"}],"wp:attachment":[{"href":"https:\/\/mediarun.com\/pl\/wp-json\/wp\/v2\/media?parent=10153"}],"wp:term":[{"taxonomy":"category","embeddable":true,"href":"https:\/\/mediarun.com\/pl\/wp-json\/wp\/v2\/categories?post=10153"},{"taxonomy":"post_tag","embeddable":true,"href":"https:\/\/mediarun.com\/pl\/wp-json\/wp\/v2\/tags?post=10153"}],"curies":[{"name":"wp","href":"https:\/\/api.w.org\/{rel}","templated":true}]}}