{"id":10143,"date":"2011-12-12T13:40:35","date_gmt":"2011-12-12T12:40:35","guid":{"rendered":"https:\/\/mediarun.com\/index.php\/news-posts\/swiateczna-gala-z-kalendarzem-ikony-kina\/"},"modified":"2011-12-12T13:40:35","modified_gmt":"2011-12-12T12:40:35","slug":"swiateczna-gala-z-kalendarzem-ikony-kina","status":"publish","type":"post","link":"https:\/\/mediarun.com\/pl\/media\/prasa\/swiateczna-gala-z-kalendarzem-ikony-kina.html","title":{"rendered":"\u015awi\u0105teczna Gala z kalendarzem &#8222;Ikony kina&#8221;"},"content":{"rendered":"<p>Utrzymany w czarno-bia\u0142ej stylistyce \u015bcienny kalendarz przedstawia dwana\u015bcie postaci \u015bwiatowego kina. W\u015br&oacute;d nich znale\u017ali si\u0119 m.in. Audrey Hepburn, Marilyn Monroe, Humphrey Bogart, James Dean i Vivien Leigh. Kalendarz przypomina tak\u017ce o polskich aktorach, kt&oacute;rzy cz\u0119sto wymagaj\u0105 wsparcia, tak\u017ce finansowego. Na ka\u017cdej stronie kalendarza zosta\u0142 umieszczony nr konta Domu Artyst&oacute;w Weteran&oacute;w Scen Polskich w Skolimowie.<\/p>\n<p>Na ok\u0142adce najnowszego numeru dwutygodnika znalaz\u0142a si\u0119 Anja Rubik z mam\u0105 i siostr\u0105, kt&oacute;ra specjalnie dla Gali opowiada o rodzinnym domu i zdradza jak sp\u0119dzi nadchodz\u0105ce \u015bwi\u0119ta. Czytelnicy magazynu poznaj\u0105 tak\u017ce tajemnice nie\u015bmiertelno\u015bci Marylin Monroe, now\u0105 ods\u0142on\u0119 legendarnego Kabaretu Starszych Pan&oacute;w, znajd\u0105 pomys\u0142y na stylowe prezenty oraz przeczytaj\u0105 obszern\u0105 relacj\u0119 z R&oacute;\u017c Gali 2011.<\/p>\n<p>Pojawienie si\u0119 pisma na rynku zostanie wsparte kampani\u0105 reklamow\u0105 w Zwierciadle, tytu\u0142ach G+J oraz w serwisach internetowych: wp.pl, gala.pl, kobieta.pl. Za kreacj\u0119 i planowanie kampanii odpowiada dzia\u0142 marketingu magazynu Gala.<\/p>\n<p>\u015awi\u0105teczne wydanie Gali liczy 148 stron. Gala z kalendarzem uka\u017ce si\u0119 w cenie 11,99 z\u0142, wersja bez dodatku kosztowa\u0107 b\u0119dzie 4,99 z\u0142.<\/p>\n","protected":false},"excerpt":{"rendered":"W poniedzia\u0142ek, 12 grudnia, w sprzeda\u017cy pojawi\u0142o si\u0119 \u015bwi\u0105teczne wydanie dwutygodnika Gala z kalendarzem na 2012 rok prezentuj\u0105cym ikony kina.","protected":false},"author":1,"featured_media":10144,"comment_status":"open","ping_status":"closed","sticky":false,"template":"","format":"standard","meta":{"csco_display_header_overlay":false,"csco_singular_sidebar":"","csco_page_header_type":"","csco_page_load_nextpost":"","csco_post_video_location":[],"csco_post_video_location_hash":"","csco_post_video_url":"","csco_post_video_bg_start_time":0,"csco_post_video_bg_end_time":0,"footnotes":""},"categories":[9673],"tags":[528],"class_list":{"0":"post-10143","1":"post","2":"type-post","3":"status-publish","4":"format-standard","5":"has-post-thumbnail","7":"category-prasa","8":"tag-gala","9":"cs-entry","10":"cs-video-wrap"},"_links":{"self":[{"href":"https:\/\/mediarun.com\/pl\/wp-json\/wp\/v2\/posts\/10143","targetHints":{"allow":["GET"]}}],"collection":[{"href":"https:\/\/mediarun.com\/pl\/wp-json\/wp\/v2\/posts"}],"about":[{"href":"https:\/\/mediarun.com\/pl\/wp-json\/wp\/v2\/types\/post"}],"author":[{"embeddable":true,"href":"https:\/\/mediarun.com\/pl\/wp-json\/wp\/v2\/users\/1"}],"replies":[{"embeddable":true,"href":"https:\/\/mediarun.com\/pl\/wp-json\/wp\/v2\/comments?post=10143"}],"version-history":[{"count":0,"href":"https:\/\/mediarun.com\/pl\/wp-json\/wp\/v2\/posts\/10143\/revisions"}],"wp:featuredmedia":[{"embeddable":true,"href":"https:\/\/mediarun.com\/pl\/wp-json\/wp\/v2\/media\/10144"}],"wp:attachment":[{"href":"https:\/\/mediarun.com\/pl\/wp-json\/wp\/v2\/media?parent=10143"}],"wp:term":[{"taxonomy":"category","embeddable":true,"href":"https:\/\/mediarun.com\/pl\/wp-json\/wp\/v2\/categories?post=10143"},{"taxonomy":"post_tag","embeddable":true,"href":"https:\/\/mediarun.com\/pl\/wp-json\/wp\/v2\/tags?post=10143"}],"curies":[{"name":"wp","href":"https:\/\/api.w.org\/{rel}","templated":true}]}}