{"id":10125,"date":"2011-12-12T17:53:15","date_gmt":"2011-12-12T16:53:15","guid":{"rendered":"https:\/\/mediarun.com\/index.php\/news-posts\/polskapresse-rozdala-lwy\/"},"modified":"2011-12-12T17:53:15","modified_gmt":"2011-12-12T16:53:15","slug":"polskapresse-rozdala-lwy","status":"publish","type":"post","link":"https:\/\/mediarun.com\/pl\/media\/prasa\/polskapresse-rozdala-lwy.html","title":{"rendered":"Polskapresse rozda\u0142a &#8222;Lwy&#8221;"},"content":{"rendered":"<p>Redaktorem Naczelnym Roku zosta\u0142 Adam Paw\u0142owski, naczelny G\u0142osu Wielkopolskiego, Menad\u017cerami Roku 2011 zostali Renata Makuszewska, Dyrektor HR Polskapresse i Dariusz Ko\u0142acz, Prezes Polskapresse Oddzia\u0142 Prasa Lubelska.<\/p>\n<p>Nagrod\u0119 specjaln\u0105 otrzyma\u0142 Tomasz Turczyn, redaktor prowadz\u0105cy Dziennik S\u0142awie\u0144ski, tygodnik lokalny Dziennika Ba\u0142tyckiego.<\/p>\n<p>Jak co roku, przyznano wyr&oacute;\u017cnienie Polskapresse Oddzia\u0142 Poligrafia. Dyrektorem roku drukarni Polskapresse zosta\u0142 Janusz \u015aliwi\u0144ski z Gda\u0144ska.<\/p>\n<p>Wyr&oacute;\u017cnienia otrzyma\u0142y tak\u017ce Renata Cicharska, redaktor prowadz\u0105ca tygodnika Ziemia Kaliska, Gra\u017cyna Kaczmarek, kierownik zespo\u0142u handlowego Oddzia\u0142u w Kaliszu, \u0141ukasz Gardas, dziennikarz tygodnika \u017bywiec, Aleksander Sapi\u0144ski, Specjalista ds. reklamy w Oddziale w \u017bywcu oraz Ewa Szabela, specjalista ds. og\u0142osze\u0144, Oddzia\u0142u w \u017bywcu.<\/p>\n","protected":false},"excerpt":{"rendered":"9 grudnia br. podczas spotkania \u015bwi\u0105tecznego, ju\u017c po raz 16. rozdane zosta\u0142y nagrody Polskapresse &#8211; Lwy 2011, przyznawane przez Prezes Zarz\u0105du Polskapresse.","protected":false},"author":1,"featured_media":10126,"comment_status":"open","ping_status":"closed","sticky":false,"template":"","format":"standard","meta":{"csco_display_header_overlay":false,"csco_singular_sidebar":"","csco_page_header_type":"","csco_page_load_nextpost":"","csco_post_video_location":[],"csco_post_video_location_hash":"","csco_post_video_url":"","csco_post_video_bg_start_time":0,"csco_post_video_bg_end_time":0,"footnotes":""},"categories":[9673],"tags":[68],"class_list":{"0":"post-10125","1":"post","2":"type-post","3":"status-publish","4":"format-standard","5":"has-post-thumbnail","7":"category-prasa","8":"tag-polskapresse","9":"cs-entry","10":"cs-video-wrap"},"_links":{"self":[{"href":"https:\/\/mediarun.com\/pl\/wp-json\/wp\/v2\/posts\/10125","targetHints":{"allow":["GET"]}}],"collection":[{"href":"https:\/\/mediarun.com\/pl\/wp-json\/wp\/v2\/posts"}],"about":[{"href":"https:\/\/mediarun.com\/pl\/wp-json\/wp\/v2\/types\/post"}],"author":[{"embeddable":true,"href":"https:\/\/mediarun.com\/pl\/wp-json\/wp\/v2\/users\/1"}],"replies":[{"embeddable":true,"href":"https:\/\/mediarun.com\/pl\/wp-json\/wp\/v2\/comments?post=10125"}],"version-history":[{"count":0,"href":"https:\/\/mediarun.com\/pl\/wp-json\/wp\/v2\/posts\/10125\/revisions"}],"wp:featuredmedia":[{"embeddable":true,"href":"https:\/\/mediarun.com\/pl\/wp-json\/wp\/v2\/media\/10126"}],"wp:attachment":[{"href":"https:\/\/mediarun.com\/pl\/wp-json\/wp\/v2\/media?parent=10125"}],"wp:term":[{"taxonomy":"category","embeddable":true,"href":"https:\/\/mediarun.com\/pl\/wp-json\/wp\/v2\/categories?post=10125"},{"taxonomy":"post_tag","embeddable":true,"href":"https:\/\/mediarun.com\/pl\/wp-json\/wp\/v2\/tags?post=10125"}],"curies":[{"name":"wp","href":"https:\/\/api.w.org\/{rel}","templated":true}]}}