{"id":100785,"date":"2004-09-15T07:42:50","date_gmt":"2004-09-15T05:42:50","guid":{"rendered":"https:\/\/mediarun.com\/index.php\/news-posts\/tvn-stawia-na-boks\/"},"modified":"2004-09-15T07:42:50","modified_gmt":"2004-09-15T05:42:50","slug":"tvn-stawia-na-boks","status":"publish","type":"post","link":"https:\/\/mediarun.com\/pl\/media\/tv\/tvn-stawia-na-boks.html","title":{"rendered":"TVN stawia na boks"},"content":{"rendered":"<p>Kontrakt nie jest na tyle sprecyzowany, aby\u015bmy znali ju\u017c teraz konkretne gale, kt\u00f3re poka\u017ce TVN. Na pewno zobaczymy przynajmniej jedn\u0105 walk\u0119 o tytu\u0142 \u015bwiata z federacji IBF, IBO, WBA, WBC, WBO. W wyniku porozumienia b\u0119dzie mo\u017cliwa zar\u00f3wno emisja na \u017cywo jak i powt\u00f3rki, kt\u00f3re pojawi\u0105 si\u0119 na antenie TVN lub TVN7 w niedziel\u0119 wczesnym popo\u0142udniem. Transmisje b\u0119d\u0105 mogli zobaczy\u0107 tak\u017ce przedstawiciele Polonii ameryka\u0144skiej w TVN International.<\/p>\n<p>Najwi\u0119ksze problemy TVN napotka podczas emisji gali ze Stan\u00f3w Zjednoczonych. Wi\u0119kszo\u015b\u0107 z nich zostanie jednak wyemitowana z po\u015blizgiem czasowym. Pierwsz\u0105 transmisj\u0119 b\u0119dziemy mogli zobaczy\u0107 ju\u017c 18 wrze\u015bnia. Wtedy telewizja Waltera poka\u017ce walk\u0119 Bernarda Hopkinsa z Oscarem De La Hoyi. TVN b\u0119dzie stara\u0142o si\u0119 pokazywa\u0107 pojedynki, kt\u00f3re wcze\u015bniej nie cieszy\u0142y si\u0119 wysokim zainteresowaniem a s\u0105 bardzo pasjonuj\u0105ce. Przedstawiciele TVN uwa\u017caj\u0105, \u017ce wynagrodzenie za prawa do transmisji nie jest wyg\u00f3rowane. Przynajmniej daleko mu do tego, kt\u00f3re kiedy\u015b musia\u0142a p\u0142aci\u0107 Wizja Sport. Boks w TVN to kolejny cios dla sportowej oferty TVP. Czy ciesz\u0105cy si\u0119 powszechnym zaufaniem Robert Korzeniowski odbuduje powoli zatrac\u0105 pozycj\u0119 lidera transmisji sportowych? <\/p>\n","protected":false},"excerpt":{"rendered":"Na antenie TVN zobaczymy 25-30 gal bokserskich, kt\u00f3re odb\u0119d\u0105 si\u0119 do ko\u0144ca 2006 roku. B\u0119dzie to mo\u017cliwe dzi\u0119ki porozumieniu, kt\u00f3re Grupa ITI podpisa\u0142a z firm\u0105 po\u015brednicz\u0105c\u0105 w sprzeda\u017cy praw sportowych. Zdaniem Roberta Wichrowskiego, Dyrektora Sportowego Impresariatu ITI, porozumienie to stanowi najwi\u0119kszy kontrakt w historii polskiego boksu pod wzgl\u0119dem ilo\u015bci gal.","protected":false},"author":1,"featured_media":100786,"comment_status":"open","ping_status":"closed","sticky":false,"template":"","format":"standard","meta":{"csco_display_header_overlay":false,"csco_singular_sidebar":"","csco_page_header_type":"","csco_page_load_nextpost":"","csco_post_video_location":[],"csco_post_video_location_hash":"","csco_post_video_url":"","csco_post_video_bg_start_time":0,"csco_post_video_bg_end_time":0,"footnotes":""},"categories":[9670],"tags":[],"class_list":{"0":"post-100785","1":"post","2":"type-post","3":"status-publish","4":"format-standard","5":"has-post-thumbnail","7":"category-tv","8":"cs-entry","9":"cs-video-wrap"},"_links":{"self":[{"href":"https:\/\/mediarun.com\/pl\/wp-json\/wp\/v2\/posts\/100785","targetHints":{"allow":["GET"]}}],"collection":[{"href":"https:\/\/mediarun.com\/pl\/wp-json\/wp\/v2\/posts"}],"about":[{"href":"https:\/\/mediarun.com\/pl\/wp-json\/wp\/v2\/types\/post"}],"author":[{"embeddable":true,"href":"https:\/\/mediarun.com\/pl\/wp-json\/wp\/v2\/users\/1"}],"replies":[{"embeddable":true,"href":"https:\/\/mediarun.com\/pl\/wp-json\/wp\/v2\/comments?post=100785"}],"version-history":[{"count":0,"href":"https:\/\/mediarun.com\/pl\/wp-json\/wp\/v2\/posts\/100785\/revisions"}],"wp:featuredmedia":[{"embeddable":true,"href":"https:\/\/mediarun.com\/pl\/wp-json\/wp\/v2\/media\/100786"}],"wp:attachment":[{"href":"https:\/\/mediarun.com\/pl\/wp-json\/wp\/v2\/media?parent=100785"}],"wp:term":[{"taxonomy":"category","embeddable":true,"href":"https:\/\/mediarun.com\/pl\/wp-json\/wp\/v2\/categories?post=100785"},{"taxonomy":"post_tag","embeddable":true,"href":"https:\/\/mediarun.com\/pl\/wp-json\/wp\/v2\/tags?post=100785"}],"curies":[{"name":"wp","href":"https:\/\/api.w.org\/{rel}","templated":true}]}}