{"id":100783,"date":"2004-09-15T07:55:09","date_gmt":"2004-09-15T05:55:09","guid":{"rendered":"https:\/\/mediarun.com\/index.php\/news-posts\/korzeniowski-szefem-sportu-tvp\/"},"modified":"2004-09-15T07:55:09","modified_gmt":"2004-09-15T05:55:09","slug":"korzeniowski-szefem-sportu-tvp","status":"publish","type":"post","link":"https:\/\/mediarun.com\/pl\/media\/tv\/korzeniowski-szefem-sportu-tvp.html","title":{"rendered":"Korzeniowski szefem sportu TVP?"},"content":{"rendered":"<p>Opr\u00f3cz posady w TVP proponowany mu by\u0142y fotele prezesa Polskiego Zwi\u0105zku Lekkiej Atletyki oraz prezesa Polskiego Komitetu Olimpijskiego. &#8211; Robert do \u015brody ma zdecydowa\u0107, czy j\u0105 przyjmuje. Nie wiem, jaka b\u0119dzie jego decyzja. Jest w Warszawie, ma du\u017co spotka\u0144, zadzwoni pewnie w nocy i powie mi, co postanowi\u0142. Widz\u0119 jedn\u0105 du\u017c\u0105 przeszkod\u0119. Je\u015bli si\u0119 zgodzi, b\u0119dziemy musieli przeprowadzi\u0107 si\u0119 do Warszawy &#8211; powiedzia\u0142a Rzeczpospolitej \u017cona wielkiego sportowca, kt\u00f3ry otrzyma\u0142 pisemn\u0105 propozycj\u0119 dyrektora TVP1, Macieja Grzywaczewskiego. Je\u015bli ate\u0144ski zwyci\u0119zca przyjmie propozycj\u0119 szefa 'Jedynki&#8217; to b\u0119dzie musia\u0142 przeprowadzi\u0107 si\u0119 do Warszawy.<\/p>\n<p>&#8211; On jest prawie zdecydowany, pozostaje tylko kwestia dogadania kilku szczeg\u00f3\u0142\u00f3w, warunk\u00f3w kontraktu. Dla telewizji to \u015bwietny nabytek &#8211; twierdzi &#8211; stwierdzi na \u0142amach Rzeczpospolitej Maciej Grzywaczewski. 6 wrze\u015bnia z funkcji szefa redakcji sportowej zrezygnowa\u0142 Janusz Basa\u0142aj. Do tej pory wszystko wskazywa\u0142o na to, \u017ce jego miejsce zajmie Lech Kaczo\u0144. Ostatecznie w poniedzia\u0142ek Telewizja Polska zaprzeczy\u0142a jakoby by\u0142 on kandydatem na to stanowisko. Je\u015bli Korzeniowski przyjmie propozycj\u0119, to b\u0119dzie mia\u0142 wp\u0142yw nie tylko na to co wyemituje TVP1. Powszechnie uznaje si\u0119, \u017ce szef redakcji sportowej 'Jedynki&#8217; odpowiada za ca\u0142o\u015b\u0107 sportu w TVP.<\/p>\n","protected":false},"excerpt":{"rendered":"Dzisiaj dowiemy si\u0119 czy Robert Korzeniowski przyjmie propozycj\u0119 szefa redakcji sportowej TVP1. Prawdopodobnie stanie si\u0119 tak. Czterokrotny z\u0142oty medalista olimpijski w chodzie zako\u0144czy\u0142 niedawno karier\u0119 sportow\u0105. Teraz ma do wyboru kilka ciekawych propozycji.","protected":false},"author":1,"featured_media":100784,"comment_status":"open","ping_status":"closed","sticky":false,"template":"","format":"standard","meta":{"csco_display_header_overlay":false,"csco_singular_sidebar":"","csco_page_header_type":"","csco_page_load_nextpost":"","csco_post_video_location":[],"csco_post_video_location_hash":"","csco_post_video_url":"","csco_post_video_bg_start_time":0,"csco_post_video_bg_end_time":0,"footnotes":""},"categories":[9670],"tags":[],"class_list":{"0":"post-100783","1":"post","2":"type-post","3":"status-publish","4":"format-standard","5":"has-post-thumbnail","7":"category-tv","8":"cs-entry","9":"cs-video-wrap"},"_links":{"self":[{"href":"https:\/\/mediarun.com\/pl\/wp-json\/wp\/v2\/posts\/100783","targetHints":{"allow":["GET"]}}],"collection":[{"href":"https:\/\/mediarun.com\/pl\/wp-json\/wp\/v2\/posts"}],"about":[{"href":"https:\/\/mediarun.com\/pl\/wp-json\/wp\/v2\/types\/post"}],"author":[{"embeddable":true,"href":"https:\/\/mediarun.com\/pl\/wp-json\/wp\/v2\/users\/1"}],"replies":[{"embeddable":true,"href":"https:\/\/mediarun.com\/pl\/wp-json\/wp\/v2\/comments?post=100783"}],"version-history":[{"count":0,"href":"https:\/\/mediarun.com\/pl\/wp-json\/wp\/v2\/posts\/100783\/revisions"}],"wp:featuredmedia":[{"embeddable":true,"href":"https:\/\/mediarun.com\/pl\/wp-json\/wp\/v2\/media\/100784"}],"wp:attachment":[{"href":"https:\/\/mediarun.com\/pl\/wp-json\/wp\/v2\/media?parent=100783"}],"wp:term":[{"taxonomy":"category","embeddable":true,"href":"https:\/\/mediarun.com\/pl\/wp-json\/wp\/v2\/categories?post=100783"},{"taxonomy":"post_tag","embeddable":true,"href":"https:\/\/mediarun.com\/pl\/wp-json\/wp\/v2\/tags?post=100783"}],"curies":[{"name":"wp","href":"https:\/\/api.w.org\/{rel}","templated":true}]}}