{"id":100781,"date":"2004-09-15T08:09:49","date_gmt":"2004-09-15T06:09:49","guid":{"rendered":"https:\/\/mediarun.com\/index.php\/news-posts\/krrit-nie-popuszcza\/"},"modified":"2004-09-15T08:09:49","modified_gmt":"2004-09-15T06:09:49","slug":"krrit-nie-popuszcza","status":"publish","type":"post","link":"https:\/\/mediarun.com\/pl\/media\/radio\/krrit-nie-popuszcza.html","title":{"rendered":"KRRiT nie popuszcza"},"content":{"rendered":"<p>Gazeta Wyborcza dowiedzia\u0142a si\u0119, \u017ce jednemu z cz\u0142onk\u00f3w zarz\u0105du KRRiT zarzucono piractwo radiowe, poniewa\u017c ten nadawa\u0142 program bez przyznania koncesji.  Wed\u0142ug Szczepana Malewicza, rzecznika prasowego wa\u0142brzyskiej Komendy Miejskiej, zawiadomienie przeciwko cz\u0142onkowi zarz\u0105du z\u0142o\u017cy\u0142 regulator polskiego rynku medialnego.<\/p>\n<p>Sp\u00f3r wok\u00f3\u0142 lokalnej rozg\u0142o\u015bni trwa od d\u0142u\u017cszego czasu. W 2002 roku radio musia\u0142o nawet zamilkn\u0105\u0107. 19 proc. udzia\u0142\u00f3w w rozg\u0142o\u015bni posiada Agora. Wa\u0142brzyskie radio postanowi\u0142o zaskar\u017cy\u0107 decyzj\u0119 rady o nieprzyznaniu koncesji, kt\u00f3re wynika\u0142o ze zmiany formatu rozg\u0142o\u015bni. KRRiT uwa\u017ca\u0142a, \u017ce nie ma miejsca dla rozg\u0142o\u015bni muzycznej w Wa\u0142brzychu a jedynie dla uniwersalnej. <\/p>\n<p>Twoje Radio Wa\u0142brzych wygra\u0142o batali\u0119 s\u0105dow\u0105 a Naczelny S\u0105d Administracyjny przyzna\u0142 racj\u0119 rozg\u0142o\u015bni, kt\u00f3ra wr\u00f3ci\u0142a do eteru ju\u017c 17 listopada. Obecnie emisja zosta\u0142a wstrzymana z przyczyn technicznych. W sierpni przyznana zosta\u0142a koncesja dla stacji, ale czeka teraz na uzgodnienie z Urz\u0119dem Regulacji Telekomunikacji i Poczty. Nadal jednak niepewny jest los pracownika rozg\u0142o\u015bni, kt\u00f3remu grozi wi\u0119zienie z powodu za\u017calenie, kt\u00f3re KRRiT wnios\u0142a w kwietniu do prokuratury.<\/p>\n","protected":false},"excerpt":{"rendered":"KRRiT wykorzystuje wszystkie dost\u0119pne \u015brodki, aby walczy\u0107 z Twoim Radiem Wa\u0142brzych. Nie obawia si\u0119 wykorzystywania policji przeciwko rozg\u0142o\u015bni, kt\u00f3ra wci\u0105\u017c czeka na ponowne rozpatrzenie wniosku o wznowienie koncesji. Danuta Waniek nie waha\u0142a si\u0119 nawet zawiadomi\u0107 prokuratury.","protected":false},"author":1,"featured_media":100782,"comment_status":"open","ping_status":"closed","sticky":false,"template":"","format":"standard","meta":{"csco_display_header_overlay":false,"csco_singular_sidebar":"","csco_page_header_type":"","csco_page_load_nextpost":"","csco_post_video_location":[],"csco_post_video_location_hash":"","csco_post_video_url":"","csco_post_video_bg_start_time":0,"csco_post_video_bg_end_time":0,"footnotes":""},"categories":[9672],"tags":[],"class_list":{"0":"post-100781","1":"post","2":"type-post","3":"status-publish","4":"format-standard","5":"has-post-thumbnail","7":"category-radio","8":"cs-entry","9":"cs-video-wrap"},"_links":{"self":[{"href":"https:\/\/mediarun.com\/pl\/wp-json\/wp\/v2\/posts\/100781","targetHints":{"allow":["GET"]}}],"collection":[{"href":"https:\/\/mediarun.com\/pl\/wp-json\/wp\/v2\/posts"}],"about":[{"href":"https:\/\/mediarun.com\/pl\/wp-json\/wp\/v2\/types\/post"}],"author":[{"embeddable":true,"href":"https:\/\/mediarun.com\/pl\/wp-json\/wp\/v2\/users\/1"}],"replies":[{"embeddable":true,"href":"https:\/\/mediarun.com\/pl\/wp-json\/wp\/v2\/comments?post=100781"}],"version-history":[{"count":0,"href":"https:\/\/mediarun.com\/pl\/wp-json\/wp\/v2\/posts\/100781\/revisions"}],"wp:featuredmedia":[{"embeddable":true,"href":"https:\/\/mediarun.com\/pl\/wp-json\/wp\/v2\/media\/100782"}],"wp:attachment":[{"href":"https:\/\/mediarun.com\/pl\/wp-json\/wp\/v2\/media?parent=100781"}],"wp:term":[{"taxonomy":"category","embeddable":true,"href":"https:\/\/mediarun.com\/pl\/wp-json\/wp\/v2\/categories?post=100781"},{"taxonomy":"post_tag","embeddable":true,"href":"https:\/\/mediarun.com\/pl\/wp-json\/wp\/v2\/tags?post=100781"}],"curies":[{"name":"wp","href":"https:\/\/api.w.org\/{rel}","templated":true}]}}