{"id":100776,"date":"2004-09-15T08:43:45","date_gmt":"2004-09-15T06:43:45","guid":{"rendered":"https:\/\/mediarun.com\/index.php\/news-posts\/spozniona-telewizja-europejska\/"},"modified":"2004-09-15T08:43:45","modified_gmt":"2004-09-15T06:43:45","slug":"spozniona-telewizja-europejska","status":"publish","type":"post","link":"https:\/\/mediarun.com\/pl\/media\/tv\/spozniona-telewizja-europejska.html","title":{"rendered":"Sp\u00f3\u017aniona telewizja europejska"},"content":{"rendered":"<p>Jak poinformowa\u0142a Gazeta Wyborcza, Sygna\u0142 telewizji europejskiej b\u0119dzie dost\u0119pny za po\u015brednictwem satelit\u00f3w Astra i Hot Bird. Stacja b\u0119dzie mia\u0142a charakter typowo mi\u0119dzynarodowy. Siedziba dyrekcji mie\u015bci si\u0119 w Brukseli, studio w Budapeszcie a administracja na S\u0142owacji. Miejmy tylko nadziej\u0119, \u017ce wersja d\u017awi\u0119kowa kana\u0142u b\u0119dzie si\u0119 r\u00f3\u017cni\u0142a od tych 'umiej\u0119tno\u015bci lingwistycznych&#8217; zaprezentowanych na oficjalnym serwisie internetowym stacji www.tv1eu.net, wzorowanym tak bardzo na Portalu Unii Europejskiej. Sama Wsp\u00f3lnota zapowiada, \u017ce kana\u0142 nie b\u0119dzie pobiera\u0142 \u017cadnych dotacji na nadawanie.<\/p>\n<p>Na antenie telewizji europejskiej mamy zobaczy\u0107 dziennikarskie talenty z ca\u0142ej Europy. Na razie nie s\u0105 znane jednak \u017cadne nazwiska. Tajemnicza jest tak\u017ce osoba samego za\u0142o\u017cyciela stacji, kt\u00f3rego s\u0142owackie serwisy nazywaj\u0105 26-letnim rodakiem. Wed\u0142ug s\u0142owackiego serwisu radioweb.sk w stacji pracowa\u0107 b\u0119d\u0105 Emanuelle Beart, Anthony Delone oraz Monika Bellucci. Op\u00f3\u017anienie mia\u0142o by\u0107 spowodowane brakiem koncesji. Przedstawiciele nowej telewizji zapowiadaj\u0105 wsp\u00f3\u0142prac\u0119 z polskim Canal+ i TVP. Informacje te nie s\u0105 potwierdzone. Wiadomo ju\u017c, \u017ce g\u0142\u00f3wne wydanie Wiadomo\u015bci w TVEU1 ma by\u0107 t\u0142umaczone przez 40 minut na 21 j\u0119zyk\u00f3w. Relacje nadane zostan\u0105 bez komentarzy redakcyjnych..<\/p>\n","protected":false},"excerpt":{"rendered":"Wczoraj w brukselskim Residence Palace odby\u0142a si\u0119 konferencja prasowa podczas kt\u00f3rej zaprezentowano logo telewizji europejskiej. Pocz\u0105tkowo nadawca zapowiada\u0142, \u017ce zacznie nadawanie 20 wrze\u015bnia. Teraz termin zosta\u0142 przesuni\u0119ty na 16 pa\u017adziernika.","protected":false},"author":1,"featured_media":100777,"comment_status":"open","ping_status":"closed","sticky":false,"template":"","format":"standard","meta":{"csco_display_header_overlay":false,"csco_singular_sidebar":"","csco_page_header_type":"","csco_page_load_nextpost":"","csco_post_video_location":[],"csco_post_video_location_hash":"","csco_post_video_url":"","csco_post_video_bg_start_time":0,"csco_post_video_bg_end_time":0,"footnotes":""},"categories":[9670],"tags":[],"class_list":{"0":"post-100776","1":"post","2":"type-post","3":"status-publish","4":"format-standard","5":"has-post-thumbnail","7":"category-tv","8":"cs-entry","9":"cs-video-wrap"},"_links":{"self":[{"href":"https:\/\/mediarun.com\/pl\/wp-json\/wp\/v2\/posts\/100776","targetHints":{"allow":["GET"]}}],"collection":[{"href":"https:\/\/mediarun.com\/pl\/wp-json\/wp\/v2\/posts"}],"about":[{"href":"https:\/\/mediarun.com\/pl\/wp-json\/wp\/v2\/types\/post"}],"author":[{"embeddable":true,"href":"https:\/\/mediarun.com\/pl\/wp-json\/wp\/v2\/users\/1"}],"replies":[{"embeddable":true,"href":"https:\/\/mediarun.com\/pl\/wp-json\/wp\/v2\/comments?post=100776"}],"version-history":[{"count":0,"href":"https:\/\/mediarun.com\/pl\/wp-json\/wp\/v2\/posts\/100776\/revisions"}],"wp:featuredmedia":[{"embeddable":true,"href":"https:\/\/mediarun.com\/pl\/wp-json\/wp\/v2\/media\/100777"}],"wp:attachment":[{"href":"https:\/\/mediarun.com\/pl\/wp-json\/wp\/v2\/media?parent=100776"}],"wp:term":[{"taxonomy":"category","embeddable":true,"href":"https:\/\/mediarun.com\/pl\/wp-json\/wp\/v2\/categories?post=100776"},{"taxonomy":"post_tag","embeddable":true,"href":"https:\/\/mediarun.com\/pl\/wp-json\/wp\/v2\/tags?post=100776"}],"curies":[{"name":"wp","href":"https:\/\/api.w.org\/{rel}","templated":true}]}}