{"id":100772,"date":"2004-09-15T15:11:21","date_gmt":"2004-09-15T13:11:21","guid":{"rendered":"https:\/\/mediarun.com\/index.php\/news-posts\/drzwi-otwarte-z-pzu\/"},"modified":"2004-09-15T15:11:21","modified_gmt":"2004-09-15T13:11:21","slug":"drzwi-otwarte-z-pzu","status":"publish","type":"post","link":"https:\/\/mediarun.com\/pl\/trendy\/branding\/drzwi-otwarte-z-pzu.html","title":{"rendered":"Drzwi otwarte z PZU"},"content":{"rendered":"<p>Sponsorem inicjatywy jest Mecenas Zamku Kr\u00f3lewskiego, Powszechny Zak\u0142ad Ubezpiecze\u0144 SA. Wspieranie kultury i sztuki oraz inicjatyw je propaguj\u0105cych jest jednym z najwa\u017cniejszych element\u00f3w prowadzonej na szerok\u0105 skal\u0119 dzia\u0142alno\u015bci sponsorskiej PZU SA.<\/p>\n<p>Drzwi Zamku Kr\u00f3lewskiego otwarte b\u0119d\u0105 dla zwiedzaj\u0105cych w godz. 11.00. &#8211; 17.00. Przez ca\u0142y dzie\u0144 b\u0119dzie mo\u017cna uczestniczy\u0107 w licznych spotkaniach na temat historii Zamku. W\u015br\u00f3d atrakcji przewidziano mi\u0119dzy innymi: Pokaz starych druk\u00f3w z bibliotek kr\u00f3l\u00f3w polskich; spotkanie z heraldykiem dr hab. Markiem Makowskim; &#8222;Zamek, jakiego jeszcze nie znamy&#8221; &#8211; czyli technika w Zamku &#8211; zwiedzanie cz\u0119\u015bci technicznej piwnic i poddasza Zamku; zwiedzanie Arkad Kubickiego; spotkanie z historykiem dr hab. Piotrem Majewskim na temat odbudowy Zamku Kr\u00f3lewskiego. <\/p>\n<p>Zwiedzaj\u0105c poszczeg\u00f3lne sale zamkowe, b\u0119dzie mo\u017cna przyjrze\u0107 si\u0119 z bliska konserwacji i rekonstrukcji znajduj\u0105cych si\u0119 tam rekwizyt\u00f3w i dzie\u0142 sztuki. Dodatkow\u0105 atrakcj\u0105 b\u0119dzie kino zamkowe, w kt\u00f3rym wy\u015bwietlane b\u0119d\u0105 filmy po\u015bwi\u0119cone historii i odbudowie Zamku. Bezp\u0142atny bilet, wraz z programem atrakcji, nale\u017cy odebra\u0107 w kasie Zamku w niedziel\u0119 19 wrze\u015bnia od godziny 10.50.<\/p>\n","protected":false},"excerpt":{"rendered":"Z okazji dwudziestej rocznicy udost\u0119pnienia publiczno\u015bci Apartament\u00f3w Kr\u00f3lewskich, 19 wrze\u015bnia Zamek Kr\u00f3lewski w Warszawie organizuje Drzwi Otwarte. Dla zwiedzaj\u0105cych przygotowano liczne atrakcje i spotkania z ciekawymi go\u015b\u0107mi.","protected":false},"author":1,"featured_media":0,"comment_status":"open","ping_status":"closed","sticky":false,"template":"","format":"standard","meta":{"csco_display_header_overlay":false,"csco_singular_sidebar":"","csco_page_header_type":"","csco_page_load_nextpost":"","csco_post_video_location":[],"csco_post_video_location_hash":"","csco_post_video_url":"","csco_post_video_bg_start_time":0,"csco_post_video_bg_end_time":0,"footnotes":""},"categories":[9658],"tags":[],"class_list":{"0":"post-100772","1":"post","2":"type-post","3":"status-publish","4":"format-standard","6":"category-branding","7":"cs-entry","8":"cs-video-wrap"},"_links":{"self":[{"href":"https:\/\/mediarun.com\/pl\/wp-json\/wp\/v2\/posts\/100772","targetHints":{"allow":["GET"]}}],"collection":[{"href":"https:\/\/mediarun.com\/pl\/wp-json\/wp\/v2\/posts"}],"about":[{"href":"https:\/\/mediarun.com\/pl\/wp-json\/wp\/v2\/types\/post"}],"author":[{"embeddable":true,"href":"https:\/\/mediarun.com\/pl\/wp-json\/wp\/v2\/users\/1"}],"replies":[{"embeddable":true,"href":"https:\/\/mediarun.com\/pl\/wp-json\/wp\/v2\/comments?post=100772"}],"version-history":[{"count":0,"href":"https:\/\/mediarun.com\/pl\/wp-json\/wp\/v2\/posts\/100772\/revisions"}],"wp:attachment":[{"href":"https:\/\/mediarun.com\/pl\/wp-json\/wp\/v2\/media?parent=100772"}],"wp:term":[{"taxonomy":"category","embeddable":true,"href":"https:\/\/mediarun.com\/pl\/wp-json\/wp\/v2\/categories?post=100772"},{"taxonomy":"post_tag","embeddable":true,"href":"https:\/\/mediarun.com\/pl\/wp-json\/wp\/v2\/tags?post=100772"}],"curies":[{"name":"wp","href":"https:\/\/api.w.org\/{rel}","templated":true}]}}