{"id":100767,"date":"2004-09-15T15:35:08","date_gmt":"2004-09-15T13:35:08","guid":{"rendered":"https:\/\/mediarun.com\/index.php\/news-posts\/nowe-ksiazki-w-tygodniku\/"},"modified":"2004-09-15T15:35:08","modified_gmt":"2004-09-15T13:35:08","slug":"nowe-ksiazki-w-tygodniku","status":"publish","type":"post","link":"https:\/\/mediarun.com\/pl\/media\/prasa\/nowe-ksiazki-w-tygodniku.html","title":{"rendered":"Nowe Ksi\u0105zki w Tygodniku"},"content":{"rendered":"<p>Czytelnicy &#8211; opr\u00f3cz recenzji, esej\u00f3w i rozm\u00f3w z pisarzami oraz sta\u0142ych rubryk: &#8222;Ksi\u0105\u017cka Tygodnika&#8221;, &#8222;Lektur pobo\u017cnych&#8221; ks. Adama Bonieckiego i &#8222;Pod w\u0142adz\u0105 ksi\u0105\u017cek&#8221; Andrzeja Rostockiego, b\u0119d\u0105 mogli ponadto przeczyta\u0107 m.in.: felieton Jolanty Olech po\u015bwi\u0119cony literaturze dla dzieci. W najnowszym numerze s\u0105 te\u017c konkursy dla Czytelnik\u00f3w, w kt\u00f3rych nagrodami s\u0105 oczywi\u015bcie ksi\u0105\u017cki. Nad merytoryczn\u0105 stron\u0105 dodatku czuwa &#8211; tak jak dotychczas &#8211; zast\u0119pca redaktora naczelnego i szef dzia\u0142u kultury &#8222;TP&#8221; red. Tomasz Fia\u0142kowski.<\/p>\n<p>&#8222;Ksi\u0105\u017cki w Tygodniku&#8221; swoj\u0105 premier\u0119 mia\u0142y w 2002 roku i s\u0105 dzi\u015b najobszerniejszym i najpowa\u017cniejszym dodatkiem w og\u00f3lnopolskiej prasie, kt\u00f3ry zdoby\u0142 ju\u017c sta\u0142ych czytelnik\u00f3w. Redaktorzy odnotowuj\u0105 nie tylko tytu\u0142y najpopularniejsze, ale przede wszystkim ksi\u0105\u017cki wa\u017cne. W\u015br\u00f3d ponad setki autor\u00f3w, kt\u00f3rzy pojawili si\u0119 dot\u0105d na jego \u0142amach, znale\u017ali si\u0119 m.in. Ewa Bie\u0144kowska, J\u00f3zefa Hennelowa, Joanna Olczak-Ronikier, Joanna Olech, Marta Wyka, Bart\u0142omiej Dobroczy\u0144ski, Leszek Engelking, Micha\u0142 G\u0142owi\u0144ski, Jan Gondowicz, Jerzy Jarniewicz, Jerzy Jarz\u0119bski, Julian Kornhauser, ks. Jan Kracik, Juliusz Kurkiewicz, Tadeusz Lubelski, Jacek \u0141ukasiewicz, Jacek Podsiad\u0142o, Mieczys\u0142aw Por\u0119bski, Grzegorz Przebinda, Tadeusz S\u0142awek, Marian Stala, Piotr \u015aliwi\u0144ski. <\/p>\n","protected":false},"excerpt":{"rendered":"W najnowszym numerze 'Tygodnika Powszechnego&#8217; ukaza\u0142 si\u0119 dodatek 'Ksi\u0105\u017cki w Tygodniku&#8217; po raz pierwszy w nowej formie. 24 &#8211; stronicowy dodatek, kt\u00f3ry wychodzi raz w miesi\u0105cu, ukazuje si\u0119 teraz w formacie o po\u0142ow\u0119 mniejszym ni\u017c g\u0142\u00f3wne wydanie 'TP&#8217; i na lepszym gatunkowo papierze.","protected":false},"author":1,"featured_media":100768,"comment_status":"open","ping_status":"closed","sticky":false,"template":"","format":"standard","meta":{"csco_display_header_overlay":false,"csco_singular_sidebar":"","csco_page_header_type":"","csco_page_load_nextpost":"","csco_post_video_location":[],"csco_post_video_location_hash":"","csco_post_video_url":"","csco_post_video_bg_start_time":0,"csco_post_video_bg_end_time":0,"footnotes":""},"categories":[9673],"tags":[],"class_list":{"0":"post-100767","1":"post","2":"type-post","3":"status-publish","4":"format-standard","5":"has-post-thumbnail","7":"category-prasa","8":"cs-entry","9":"cs-video-wrap"},"_links":{"self":[{"href":"https:\/\/mediarun.com\/pl\/wp-json\/wp\/v2\/posts\/100767","targetHints":{"allow":["GET"]}}],"collection":[{"href":"https:\/\/mediarun.com\/pl\/wp-json\/wp\/v2\/posts"}],"about":[{"href":"https:\/\/mediarun.com\/pl\/wp-json\/wp\/v2\/types\/post"}],"author":[{"embeddable":true,"href":"https:\/\/mediarun.com\/pl\/wp-json\/wp\/v2\/users\/1"}],"replies":[{"embeddable":true,"href":"https:\/\/mediarun.com\/pl\/wp-json\/wp\/v2\/comments?post=100767"}],"version-history":[{"count":0,"href":"https:\/\/mediarun.com\/pl\/wp-json\/wp\/v2\/posts\/100767\/revisions"}],"wp:featuredmedia":[{"embeddable":true,"href":"https:\/\/mediarun.com\/pl\/wp-json\/wp\/v2\/media\/100768"}],"wp:attachment":[{"href":"https:\/\/mediarun.com\/pl\/wp-json\/wp\/v2\/media?parent=100767"}],"wp:term":[{"taxonomy":"category","embeddable":true,"href":"https:\/\/mediarun.com\/pl\/wp-json\/wp\/v2\/categories?post=100767"},{"taxonomy":"post_tag","embeddable":true,"href":"https:\/\/mediarun.com\/pl\/wp-json\/wp\/v2\/tags?post=100767"}],"curies":[{"name":"wp","href":"https:\/\/api.w.org\/{rel}","templated":true}]}}