{"id":100766,"date":"2004-09-15T15:38:26","date_gmt":"2004-09-15T13:38:26","guid":{"rendered":"https:\/\/mediarun.com\/index.php\/news-posts\/radionowela-w-radiu-plus-lodz\/"},"modified":"2004-09-15T15:38:26","modified_gmt":"2004-09-15T13:38:26","slug":"radionowela-w-radiu-plus-lodz","status":"publish","type":"post","link":"https:\/\/mediarun.com\/pl\/media\/radio\/radionowela-w-radiu-plus-lodz.html","title":{"rendered":"Radionowela w Radiu Plus \u0141\u00f3d\u017a"},"content":{"rendered":"<p>S\u0142uchacze radionoweli poznaj\u0105 rzeczywisto\u015b\u0107 religijn\u0105 r\u00f3\u017cnych pa\u0144stw Unii Europejskiej widzian\u0105 oczyma Polak\u00f3w. &#8222;Nie s\u0105 to rozwa\u017cania teoretyczne, ale obserwacje praktyczne. Opisujemy zatem g\u0142\u00f3wnie r\u00f3\u017cnice w stosunku do tego, co dzieje si\u0119 w Polsce&#8221; &#8211; m\u00f3wi autor scenariusza, \u0141ukasz G\u0142owacki. -W kr\u00f3tkiej, przyst\u0119pnej i ciekawej formie opisana jest religijna sfera \u017cycia w Europie. S\u0105 i ciekawostki i sprawy wa\u017cne &#8211; podkre\u015bla re\u017cyser, Mariusz Siudzi\u0144ski. Fabu\u0142\u0119 stanowi historia rozkwitaj\u0105cej mi\u0142o\u015bci Marka i poznanej przez niego w Taiz\u00e9 Kasi.<\/p>\n<p> Radionowela odwiedza Litw\u0119, Irlandi\u0119, W\u0119gry, Grecj\u0119, Belgi\u0119, Hiszpani\u0119, Czechy, Szwecj\u0119, Francj\u0119, Holandi\u0119, Portugali\u0119, Finlandi\u0119, Austri\u0119, W\u0142ochy, Niemcy i Wielk\u0105 Brytani\u0119. &#8211; Wi\u0119kszo\u015b\u0107 obserwacji dotyczy Ko\u015bcio\u0142a Rzymsko-Katolickiego. S\u0105 jednak pa\u0144stwa, w kt\u00f3rych dominuje wyznanie protestanckie lub prawos\u0142awne. I ma to odzwierciedlenie w radionoweli &#8211; wyja\u015bnia G\u0142owacki. Dodatkowo s\u0142uchacze poznaj\u0105 rzeczywisto\u015b\u0107 trzech sanktuari\u00f3w: Santiago de Compostella (Hiszpania), Lourdes (Francja) i Mariazell (Austria). <\/p>\n<p>Emisja cyklu zaczyna si\u0119 w \u015brod\u0119, 15 wrze\u015bnia i potrwa 4 tygodnie. Poszczeg\u00f3lne odcinki emitowane s\u0105 w dni powszednie o godz. 9.40 i 17.40 w Radiu Plus \u0141\u00f3d\u017a na cz\u0119stotliwo\u015bci 10,4 MHz. Ka\u017cdy z nich trwa 4-5 minut.<\/p>\n<p>W po\u0142owie pa\u017adziernika Radio Plus wyprodukuje p\u0142yt\u0119 CD, na kt\u00f3rej znajd\u0105 si\u0119 wszystkie odcinki. P\u0142yta trafi do katechet\u00f3w i ksi\u0119\u017cy. &#8222;Mamy nadziej\u0119, \u017ce b\u0119dzie pomocna w przygotowywaniu lekcji religii&#8221; &#8211; wyja\u015bnia G\u0142owacki. W trakcie emisji rozbudowywana b\u0119dzie te\u017c strona internetowa po\u015bwi\u0119cona cyklowi. Znajd\u0105 si\u0119 na niej nie tylko poszczeg\u00f3lne odcinki, ale tak\u017ce dodatkowe informacje praktyczne, odniesienia do witryn internetowych i forum dyskusyjne.<\/p>\n<p>W radionoweli wyst\u0105pili znani \u0142\u00f3dzcy aktorzy z Teatru Jaracza i Teatru Powszechnego. Re\u017cyserem radionoweli jest Mariusz Siudzi\u0144ski, scenariusz napisa\u0142 \u0141ukasz G\u0142owacki, a realizacj\u0105 zaj\u0105\u0142 si\u0119 Grzegorz Dondzi\u0142\u0142o.<\/p>\n<p> Ca\u0142y projekt powsta\u0142 we wsp\u00f3\u0142pracy z Urz\u0119dem Komitetu Integracji Europejskiej w ramach Konkursu Otwartego Media 2004. Radio Plus \u0141\u00f3d\u017a jest jedynym medium z \u0141odzi, kt\u00f3re w tym konkursie otrzyma\u0142o dotacj\u0119.<\/p>\n","protected":false},"excerpt":{"rendered":"20 odcink\u00f3w radionoweli 'Trakt&#8217; wyprodukowa\u0142o Radio Plus \u0141\u00f3d\u017a. Bohaterem opowie\u015bci jest Marek, student przygotowuj\u0105cy prac\u0119 na temat praktyk religijnych w pa\u0144stwach Unii Europejskiej. Emisja rozpoczyna si\u0119 w \u015brod\u0119, 15 wrze\u015bnia.","protected":false},"author":1,"featured_media":0,"comment_status":"open","ping_status":"closed","sticky":false,"template":"","format":"standard","meta":{"csco_display_header_overlay":false,"csco_singular_sidebar":"","csco_page_header_type":"","csco_page_load_nextpost":"","csco_post_video_location":[],"csco_post_video_location_hash":"","csco_post_video_url":"","csco_post_video_bg_start_time":0,"csco_post_video_bg_end_time":0,"footnotes":""},"categories":[9672],"tags":[],"class_list":{"0":"post-100766","1":"post","2":"type-post","3":"status-publish","4":"format-standard","6":"category-radio","7":"cs-entry","8":"cs-video-wrap"},"_links":{"self":[{"href":"https:\/\/mediarun.com\/pl\/wp-json\/wp\/v2\/posts\/100766","targetHints":{"allow":["GET"]}}],"collection":[{"href":"https:\/\/mediarun.com\/pl\/wp-json\/wp\/v2\/posts"}],"about":[{"href":"https:\/\/mediarun.com\/pl\/wp-json\/wp\/v2\/types\/post"}],"author":[{"embeddable":true,"href":"https:\/\/mediarun.com\/pl\/wp-json\/wp\/v2\/users\/1"}],"replies":[{"embeddable":true,"href":"https:\/\/mediarun.com\/pl\/wp-json\/wp\/v2\/comments?post=100766"}],"version-history":[{"count":0,"href":"https:\/\/mediarun.com\/pl\/wp-json\/wp\/v2\/posts\/100766\/revisions"}],"wp:attachment":[{"href":"https:\/\/mediarun.com\/pl\/wp-json\/wp\/v2\/media?parent=100766"}],"wp:term":[{"taxonomy":"category","embeddable":true,"href":"https:\/\/mediarun.com\/pl\/wp-json\/wp\/v2\/categories?post=100766"},{"taxonomy":"post_tag","embeddable":true,"href":"https:\/\/mediarun.com\/pl\/wp-json\/wp\/v2\/tags?post=100766"}],"curies":[{"name":"wp","href":"https:\/\/api.w.org\/{rel}","templated":true}]}}