{"id":100751,"date":"2004-09-16T06:00:00","date_gmt":"2004-09-16T04:00:00","guid":{"rendered":"https:\/\/mediarun.com\/index.php\/news-posts\/gruner-zmienia-strukture\/"},"modified":"2004-09-16T06:00:00","modified_gmt":"2004-09-16T04:00:00","slug":"gruner-zmienia-strukture","status":"publish","type":"post","link":"https:\/\/mediarun.com\/pl\/ludzie\/awanse\/gruner-zmienia-strukture.html","title":{"rendered":"Gruner zmienia struktur\u0119"},"content":{"rendered":"<p><P>&#8230; nowe wyzwania managerskie.<\/P><br \/>\n<P>Utworzone ostatnio stanowisko Dyrektora Zarz\u0105dzaj\u0105cego nie zostanie aktualnie obsadzone, a p. Markowi Szpunarowi, jako Dyrektorowi Operacyjnemu i nast\u0119pcy p. A. Anielskiej, b\u0119dzie podlega\u0107 w pierwszym etapie zmian&nbsp;&#8211; opr\u00f3cz dotychczasowych&nbsp;&#8211; r\u00f3wnie\u017c dzia\u0142 administracji. Pozosta\u0142e dzia\u0142y b\u0119d\u0105 raportowa\u0107 bezpo\u015brednio do Prezesa Olivera Voigta, a p. M. Szpunar&nbsp;&#8211; jako Dyrektor Operacyjny&nbsp;&#8211; b\u0119dzie wspiera\u0142 Prezesa Zarz\u0105du w zadaniach ich dotycz\u0105cych.<BR><BR>Dzi\u0119ki takiej formie organizacyjnej Wydawnictwo G+J Polska wr\u00f3ci z jednej strony do modelu prezes zarz\u0105du \/ dyrektor operacyjny, z drugiej za\u015b, dzi\u0119ki nowo utworzonym silnym pionom czasopism: kobiecych (pod kierownictwem Wydawcy, Magdaleny Malickiej) oraz luksusowych (pod kierownictwem Wydawcy, Agaty Materkowskiej) uzyska optymaln\u0105 struktur\u0119.<\/P><br \/>\n<P>&#8211; Zar\u00f3wno w imieniu Wydawnictwa Gruner + Jahr Polska jak i swoim w\u0142asnym czuj\u0119 si\u0119 zobowi\u0105zany do z\u0142o\u017cenia A. Anielskiej naszych podzi\u0119kowa\u0144. Od czasu przej\u0119cia funkcji Prezesa Zarz\u0105du na pocz\u0105tku 2001 r. osobi\u015bcie \u015bci\u015ble wsp\u00f3\u0142pracowa\u0142em z A. Anielsk\u0105 i w nied\u0142ugim czasie powo\u0142a\u0142em j\u0105 na stanowisko Dyrektor Operacyjnej. Pani A. Anielska wraz z pozosta\u0142ym managementem znacz\u0105co wp\u0142yn\u0119\u0142a w decyduj\u0105cej dla Gruner + Jahr Polska fazie na jego rozw\u00f3j. Dzi\u0119ki jej skutecznym dzia\u0142aniom dysponujemy dzi\u015b silnym kierownictwem poszczeg\u00f3lnych dzia\u0142\u00f3w, a M. Szpunar &#8211; nowy Dyrektor Operacyjny, mia\u0142 mo\u017cliwo\u015b\u0107 wdro\u017cenia si\u0119 w swoje nowe obowi\u0105zki.<BR><BR>Jako Prezes Zarz\u0105du Wydawnictwa Murator oraz Radia ESKA A. Anielska podejmie jedno z najbardziej pasjonuj\u0105cych zada\u0144 na polskim rynku medialnym. Jestem przekonany, i\u017c dzi\u0119ki naszej dotychczasowej wspania\u0142ej wsp\u00f3\u0142pracy r\u00f3wnie\u017c i przysz\u0142a kooperacja G+J Polska ze Zjednoczonymi Przedsi\u0119biorstwami Rozrywkowymi SA z udzia\u0142em A. Anielskiej uzyska nowy wymiar &#8211; powiedzia\u0142 Oliver Voigt.<\/P><\/p>\n","protected":false},"excerpt":{"rendered":"Za obop\u00f3lnym porozumieniem Agnieszka Anielska, Dyrektor Zarz\u0105dzaj\u0105ca oraz wieloletnia Dyrektor Operacyjna Gruner + Jahr Polska, rozstanie si\u0119 w pa\u017adzierniku br. z Wydawnictwem, by podj\u0105\u0107&#8230;","protected":false},"author":1,"featured_media":100752,"comment_status":"open","ping_status":"closed","sticky":false,"template":"","format":"standard","meta":{"csco_display_header_overlay":false,"csco_singular_sidebar":"","csco_page_header_type":"","csco_page_load_nextpost":"","csco_post_video_location":[],"csco_post_video_location_hash":"","csco_post_video_url":"","csco_post_video_bg_start_time":0,"csco_post_video_bg_end_time":0,"footnotes":""},"categories":[9678],"tags":[],"class_list":{"0":"post-100751","1":"post","2":"type-post","3":"status-publish","4":"format-standard","5":"has-post-thumbnail","7":"category-awanse","8":"cs-entry","9":"cs-video-wrap"},"_links":{"self":[{"href":"https:\/\/mediarun.com\/pl\/wp-json\/wp\/v2\/posts\/100751","targetHints":{"allow":["GET"]}}],"collection":[{"href":"https:\/\/mediarun.com\/pl\/wp-json\/wp\/v2\/posts"}],"about":[{"href":"https:\/\/mediarun.com\/pl\/wp-json\/wp\/v2\/types\/post"}],"author":[{"embeddable":true,"href":"https:\/\/mediarun.com\/pl\/wp-json\/wp\/v2\/users\/1"}],"replies":[{"embeddable":true,"href":"https:\/\/mediarun.com\/pl\/wp-json\/wp\/v2\/comments?post=100751"}],"version-history":[{"count":0,"href":"https:\/\/mediarun.com\/pl\/wp-json\/wp\/v2\/posts\/100751\/revisions"}],"wp:featuredmedia":[{"embeddable":true,"href":"https:\/\/mediarun.com\/pl\/wp-json\/wp\/v2\/media\/100752"}],"wp:attachment":[{"href":"https:\/\/mediarun.com\/pl\/wp-json\/wp\/v2\/media?parent=100751"}],"wp:term":[{"taxonomy":"category","embeddable":true,"href":"https:\/\/mediarun.com\/pl\/wp-json\/wp\/v2\/categories?post=100751"},{"taxonomy":"post_tag","embeddable":true,"href":"https:\/\/mediarun.com\/pl\/wp-json\/wp\/v2\/tags?post=100751"}],"curies":[{"name":"wp","href":"https:\/\/api.w.org\/{rel}","templated":true}]}}