{"id":100744,"date":"2004-09-16T07:59:06","date_gmt":"2004-09-16T05:59:06","guid":{"rendered":"https:\/\/mediarun.com\/index.php\/news-posts\/waszyngtonski-korespondent\/"},"modified":"2004-09-16T07:59:06","modified_gmt":"2004-09-16T05:59:06","slug":"waszyngtonski-korespondent","status":"publish","type":"post","link":"https:\/\/mediarun.com\/pl\/media\/tv\/waszyngtonski-korespondent.html","title":{"rendered":"Waszyngto\u0144ski korespondent?"},"content":{"rendered":"<p>Ka\u017cda szanuj\u0105ca si\u0119 stacja europejska posiada sta\u0142ego korespondenta za oceanem. Niestety jako\u015b\u0107 relacji, kt\u00f3re oferuje nam TVN daleko odbiega od nowoczesnych standard\u00f3w. TVN ju\u017c wielokrotnie podejmowa\u0142 walk\u0119 na informacj\u0119 z telewizj\u0105 publiczn\u0105. Wygl\u0105da na to, \u017ce r\u00f3wnie\u017c w tym przypadku zako\u0144czy si\u0119 ona sukcesem.<\/p>\n<p>Obecnie na miejscu Katarzyny S\u0142awi\u0144skiej pojawi\u0142 si\u0119 \u0141ukasz S\u0142apek. Do tej pory by\u0142 on zwi\u0105zany, podobnie jak Bogdan Rymanowski z 'Wydarzeniami&#8217; TV Puls. W swojej karierze dziennikarskiej zajmowa\u0142 si\u0119 g\u0142\u00f3wnie tematami mi\u0119dzynarodowymi. Do tej pory TVN nie mia\u0142 w\u0142asnego korespondenta w stolicy Stan\u00f3w Zjednoczonych. Wsp\u00f3\u0142pracowa\u0142 g\u0142\u00f3wnie z Jaros\u0142awem Andersem z G\u0142osu Ameryki. <\/p>\n","protected":false},"excerpt":{"rendered":"Jak si\u0119 dowiedzieli\u015bmy nieoficjalnie, TVN planuje wys\u0142anie w\u0142asnego korespondenta do Waszyngtonu. Najprawdopodobniej zostanie nim Katarzyna S\u0142awi\u0144ska, kt\u00f3ra do tej pory by\u0142a odpowiedzialna za kr\u00f3tkie materia\u0142y filmowe emitowane w Faktach, po\u015bwi\u0119cone g\u0142\u00f3wnie zagranicznym wydarzeniom.","protected":false},"author":1,"featured_media":100745,"comment_status":"open","ping_status":"closed","sticky":false,"template":"","format":"standard","meta":{"csco_display_header_overlay":false,"csco_singular_sidebar":"","csco_page_header_type":"","csco_page_load_nextpost":"","csco_post_video_location":[],"csco_post_video_location_hash":"","csco_post_video_url":"","csco_post_video_bg_start_time":0,"csco_post_video_bg_end_time":0,"footnotes":""},"categories":[9670],"tags":[],"class_list":{"0":"post-100744","1":"post","2":"type-post","3":"status-publish","4":"format-standard","5":"has-post-thumbnail","7":"category-tv","8":"cs-entry","9":"cs-video-wrap"},"_links":{"self":[{"href":"https:\/\/mediarun.com\/pl\/wp-json\/wp\/v2\/posts\/100744","targetHints":{"allow":["GET"]}}],"collection":[{"href":"https:\/\/mediarun.com\/pl\/wp-json\/wp\/v2\/posts"}],"about":[{"href":"https:\/\/mediarun.com\/pl\/wp-json\/wp\/v2\/types\/post"}],"author":[{"embeddable":true,"href":"https:\/\/mediarun.com\/pl\/wp-json\/wp\/v2\/users\/1"}],"replies":[{"embeddable":true,"href":"https:\/\/mediarun.com\/pl\/wp-json\/wp\/v2\/comments?post=100744"}],"version-history":[{"count":0,"href":"https:\/\/mediarun.com\/pl\/wp-json\/wp\/v2\/posts\/100744\/revisions"}],"wp:featuredmedia":[{"embeddable":true,"href":"https:\/\/mediarun.com\/pl\/wp-json\/wp\/v2\/media\/100745"}],"wp:attachment":[{"href":"https:\/\/mediarun.com\/pl\/wp-json\/wp\/v2\/media?parent=100744"}],"wp:term":[{"taxonomy":"category","embeddable":true,"href":"https:\/\/mediarun.com\/pl\/wp-json\/wp\/v2\/categories?post=100744"},{"taxonomy":"post_tag","embeddable":true,"href":"https:\/\/mediarun.com\/pl\/wp-json\/wp\/v2\/tags?post=100744"}],"curies":[{"name":"wp","href":"https:\/\/api.w.org\/{rel}","templated":true}]}}