{"id":100729,"date":"2004-09-16T17:19:07","date_gmt":"2004-09-16T15:19:07","guid":{"rendered":"https:\/\/mediarun.com\/index.php\/news-posts\/polskie-radio-nagrodzone\/"},"modified":"2004-09-16T17:19:07","modified_gmt":"2004-09-16T15:19:07","slug":"polskie-radio-nagrodzone","status":"publish","type":"post","link":"https:\/\/mediarun.com\/pl\/media\/radio\/polskie-radio-nagrodzone.html","title":{"rendered":"Polskie Radio nagrodzone"},"content":{"rendered":"<p>Nagroda im. Oskara Kolberga to najwy\u017csze wyr\u00f3\u017cnienie w \u015bwiecie folkloru i sztuki ludowej w Polsce. Przyznawana jest od 1974 roku przez kapitu\u0142\u0119 powo\u0142an\u0105 przez Ministerstwo Kultury. Honoruje tw\u00f3rc\u00f3w i artyst\u00f3w ludowych, autentyczne zespo\u0142y folklorystyczne oraz naukowc\u00f3w, badaczy, a tak\u017ce animator\u00f3w \u017cycia kulturalnego i folklorystycznego. Ma charakter presti\u017cowy &#8211; stanowi\u0105 j\u0105 dyplom i medal. <\/p>\n<p>Wr\u0119czenie nagr\u00f3d odb\u0119dzie si\u0119 podczas XXIX Przegl\u0105du Dorobku Tw\u00f3rc\u00f3w Ludowych i Popularyzator\u00f3w Kultury Ludowej w Muzeum Wsi Radomskiej w Radomiu. <\/p>\n<p>Radiowe Centrum Kultury Ludowej Polskiego Radia istnieje od 1994 r.  &#8211; Gdy powstawa\u0142o, nikt z nas nie mia\u0142 \u015bwiadomo\u015bci, jak wiele uda si\u0119 zrobi\u0107 i czy uda si\u0119 nam dla polskiej kultury ludowej zas\u0142u\u017cy\u0107. Tymczasem bilans po dziesi\u0119ciu latach jest wspania\u0142y i trudny do przecenienia &#8211; tak dziesi\u0119cioletni\u0105 dzia\u0142alno\u015b\u0107 zespo\u0142u podsumowuje Maria Baliszewska, kierownik RCKL.<\/p>\n<p>Zadaniem Radiowego Centrum Kultury Ludowej jest ochrona, promocja i dokumentacja dawnej kultury oraz ukazywanie jej nowych zjawisk. Centrum promuje kultur\u0119 ludow\u0105 na antenach wszystkich program\u00f3w Polskiego Radia, a tak\u017ce na antenach stacji zagranicznych zrzeszonych w Europejskiej Unii Radiowej. Dokumentuje istniej\u0105ce jeszcze zjawiska tej kultury, bierze te\u017c na siebie rol\u0119 jej mecenasa przez wspieranie finansowe imprez i fundowanie nagr\u00f3d dla wybitnych jej tw\u00f3rc\u00f3w. Organizuje koncerty i festiwale, a tak\u017ce publikuje seri\u0119 p\u0142ytow\u0105 &#8222;Muzyka \u0179r\u00f3de\u0142&#8221;, czyli kolekcj\u0119 muzyki ludowej Polskiego Radia, licz\u0105c\u0105 obecnie 22 tytu\u0142y. <\/p>\n","protected":false},"excerpt":{"rendered":"W niedziel\u0119 19 wrze\u015bnia Radiowe Centrum Kultury Ludowej Polskiego Radia S.A. otrzyma nagrod\u0119 im. Oskara Kolberga 'Za zas\u0142ugi dla kultury ludowej&#8217;.","protected":false},"author":1,"featured_media":100730,"comment_status":"open","ping_status":"closed","sticky":false,"template":"","format":"standard","meta":{"csco_display_header_overlay":false,"csco_singular_sidebar":"","csco_page_header_type":"","csco_page_load_nextpost":"","csco_post_video_location":[],"csco_post_video_location_hash":"","csco_post_video_url":"","csco_post_video_bg_start_time":0,"csco_post_video_bg_end_time":0,"footnotes":""},"categories":[9672],"tags":[],"class_list":{"0":"post-100729","1":"post","2":"type-post","3":"status-publish","4":"format-standard","5":"has-post-thumbnail","7":"category-radio","8":"cs-entry","9":"cs-video-wrap"},"_links":{"self":[{"href":"https:\/\/mediarun.com\/pl\/wp-json\/wp\/v2\/posts\/100729","targetHints":{"allow":["GET"]}}],"collection":[{"href":"https:\/\/mediarun.com\/pl\/wp-json\/wp\/v2\/posts"}],"about":[{"href":"https:\/\/mediarun.com\/pl\/wp-json\/wp\/v2\/types\/post"}],"author":[{"embeddable":true,"href":"https:\/\/mediarun.com\/pl\/wp-json\/wp\/v2\/users\/1"}],"replies":[{"embeddable":true,"href":"https:\/\/mediarun.com\/pl\/wp-json\/wp\/v2\/comments?post=100729"}],"version-history":[{"count":0,"href":"https:\/\/mediarun.com\/pl\/wp-json\/wp\/v2\/posts\/100729\/revisions"}],"wp:featuredmedia":[{"embeddable":true,"href":"https:\/\/mediarun.com\/pl\/wp-json\/wp\/v2\/media\/100730"}],"wp:attachment":[{"href":"https:\/\/mediarun.com\/pl\/wp-json\/wp\/v2\/media?parent=100729"}],"wp:term":[{"taxonomy":"category","embeddable":true,"href":"https:\/\/mediarun.com\/pl\/wp-json\/wp\/v2\/categories?post=100729"},{"taxonomy":"post_tag","embeddable":true,"href":"https:\/\/mediarun.com\/pl\/wp-json\/wp\/v2\/tags?post=100729"}],"curies":[{"name":"wp","href":"https:\/\/api.w.org\/{rel}","templated":true}]}}