{"id":100695,"date":"2004-09-17T07:13:27","date_gmt":"2004-09-17T05:13:27","guid":{"rendered":"https:\/\/mediarun.com\/index.php\/news-posts\/ibisz-procesuje-sie-z-bauerem\/"},"modified":"2004-09-17T07:13:27","modified_gmt":"2004-09-17T05:13:27","slug":"ibisz-procesuje-sie-z-bauerem","status":"publish","type":"post","link":"https:\/\/mediarun.com\/pl\/media\/tv\/ibisz-procesuje-sie-z-bauerem.html","title":{"rendered":"Ibisz procesuje si\u0119 z Bauerem"},"content":{"rendered":"<p>&#8211; Je\u017celi Tomek (przyp. red Lis) mi co\u015b zaproponuje to dlatego, \u017ce ceni m\u00f3j profesjonalizm, a nie po znajomo\u015bci. To, \u017ce jestem tyle lat w telewizji i robi\u0119 programy, kt\u00f3re s\u0105 ogl\u0105dane, nie jest efektem rozgrywania przeze mnie jakiej\u015b partii, tylko wiedzy, wyczucia i rzemios\u0142a telewizyjnego. &#8211; powiedzia\u0142 Krzysztof Ibisz w wypowiedzi dla Kulis\u00f3w.<\/p>\n<p>Dziennikarz wydaje si\u0119 by\u0107 pewny siebie i nie zwraca uwagi na liczne g\u0142osy krytyki, kt\u00f3re pojawiaj\u0105 si\u0119 wok\u00f3\u0142 jego osoby. Przyzna\u0142, \u017ce \u017ca\u0142uje hucznej relacji z wesela jak\u0105 wyemitowa\u0142 TVN. Krzysztof Ibisz procesuje si\u0119 z gazet\u0105 wydawan\u0105 przez Bauer, kt\u00f3ra napisa\u0142a, \u017ce powodem jego rozwodu by\u0142a inna orientacja seksualna. Informacj\u0119 powt\u00f3rzy\u0142 magazyn Teleplotki w TVP. Teraz chce, aby wyp\u0142acono odszkodowanie i zamieszczono odpowiednie sprostowanie. <\/p>\n<p>&#8211; Miar\u0105 sukcesu jest to, jak d\u0142ugo dany program jest na antenie. &#8222;Czar Par&#8221; trwa\u0142 trzy lata, &#8222;\u015amiechu warte&#8221; trwa dziesi\u0119\u0107 lat&#8211; \u017cywotno\u015b\u0107 program\u00f3w zale\u017cy od tego, czy s\u0105 lubiane i ogl\u0105dane. Nie jest sukcesem robienie programu przez p\u00f3\u0142 roku, a potem &#8222;p\u00f3j\u015bcie naprz\u00f3d&#8221; i robienie kolejnego programu przez nast\u0119pne p\u00f3\u0142 roku. Ale oczywi\u015bcie, my\u015bl\u0119 o nowych wyzwaniach. Pracuj\u0119 teraz nad nowym formatem i cyklem film\u00f3w dokumentalnych. &#8211; powiedzia\u0142 na \u0142amach Kulis\u00f3w Ibisz, kt\u00f3ry przez d\u0142ugi czas zwi\u0105zany jest z reality show Bar. <\/p>\n","protected":false},"excerpt":{"rendered":"Krzysztof Ibisz zamierza kontynuowa\u0107 s\u0105dow\u0105 wojn\u0119 z wydawnictwem Bauer oraz Telewizj\u0105 Polsk\u0105. Wszystko zacz\u0119\u0142o si\u0119 od zwyk\u0142ej plotki. Dziennikarz znany ju\u017c z TVP, TVN i ostatnio Polsatu uwa\u017ca, \u017ce Bar nadal mo\u017ce zaskoczy\u0107 i fakt, \u017ce jest to pi\u0105ta edycja nie wp\u0142ywa negatywnie na jego karier\u0119.","protected":false},"author":1,"featured_media":0,"comment_status":"open","ping_status":"closed","sticky":false,"template":"","format":"standard","meta":{"csco_display_header_overlay":false,"csco_singular_sidebar":"","csco_page_header_type":"","csco_page_load_nextpost":"","csco_post_video_location":[],"csco_post_video_location_hash":"","csco_post_video_url":"","csco_post_video_bg_start_time":0,"csco_post_video_bg_end_time":0,"footnotes":""},"categories":[9670],"tags":[],"class_list":{"0":"post-100695","1":"post","2":"type-post","3":"status-publish","4":"format-standard","6":"category-tv","7":"cs-entry","8":"cs-video-wrap"},"_links":{"self":[{"href":"https:\/\/mediarun.com\/pl\/wp-json\/wp\/v2\/posts\/100695","targetHints":{"allow":["GET"]}}],"collection":[{"href":"https:\/\/mediarun.com\/pl\/wp-json\/wp\/v2\/posts"}],"about":[{"href":"https:\/\/mediarun.com\/pl\/wp-json\/wp\/v2\/types\/post"}],"author":[{"embeddable":true,"href":"https:\/\/mediarun.com\/pl\/wp-json\/wp\/v2\/users\/1"}],"replies":[{"embeddable":true,"href":"https:\/\/mediarun.com\/pl\/wp-json\/wp\/v2\/comments?post=100695"}],"version-history":[{"count":0,"href":"https:\/\/mediarun.com\/pl\/wp-json\/wp\/v2\/posts\/100695\/revisions"}],"wp:attachment":[{"href":"https:\/\/mediarun.com\/pl\/wp-json\/wp\/v2\/media?parent=100695"}],"wp:term":[{"taxonomy":"category","embeddable":true,"href":"https:\/\/mediarun.com\/pl\/wp-json\/wp\/v2\/categories?post=100695"},{"taxonomy":"post_tag","embeddable":true,"href":"https:\/\/mediarun.com\/pl\/wp-json\/wp\/v2\/tags?post=100695"}],"curies":[{"name":"wp","href":"https:\/\/api.w.org\/{rel}","templated":true}]}}