{"id":100693,"date":"2004-09-17T07:45:50","date_gmt":"2004-09-17T05:45:50","guid":{"rendered":"https:\/\/mediarun.com\/index.php\/news-posts\/200-wyprawek-od-sluchaczy\/"},"modified":"2004-09-17T07:45:50","modified_gmt":"2004-09-17T05:45:50","slug":"200-wyprawek-od-sluchaczy","status":"publish","type":"post","link":"https:\/\/mediarun.com\/pl\/media\/radio\/200-wyprawek-od-sluchaczy.html","title":{"rendered":"200 wyprawek od s\u0142uchaczy"},"content":{"rendered":"<p>Wyprawki sk\u0142adaj\u0105 si\u0119 z plecaka, worka na buty, pi\u00f3rnika, kilku zeszyt\u00f3w, kredek, farb i innych przybor\u00f3w szkolnych. &#8211; Inne wyprawki dostan\u0105 dzieci z klas I-III, inne z klas IV-VI. Ich zawarto\u015b\u0107 konsultowali\u015bmy z nauczycielami &#8211; podkre\u015bla Wojciech Stachowicz z biura promocji Radia Plus \u0141\u00f3d\u017a.<\/p>\n<p>Pieni\u0105dze na wyprawki ofiarowali s\u0142uchacze sieci Radio Plus \u0141agodne Przeboje. Przez ca\u0142y okres Wielkiego Postu przysy\u0142ali SMS-y, z kt\u00f3rych doch\u00f3d zosta\u0142 przeznaczony na przybory szkolne dla dzieci z \u0142\u00f3dzkich enklaw biedy. Za zebrane pieni\u0105dze uda\u0142o si\u0119 kupi\u0107 200 wyprawek o warto\u015bci 50 z\u0142otych ka\u017cda. -Cieszymy si\u0119, \u017ce s\u0142uchacze Radia Plus tak \u017cyczliwie podchodz\u0105 do wszystkich projekt\u00f3w charytatywnych. Po raz kolejny mo\u017cemy si\u0119 przekona\u0107, \u017ce Radio Plus w formule \u0142agodnych przeboj\u00f3w jest pe\u0142ne przyja\u017ani i zwr\u00f3cone do ka\u017cdego &#8211; m\u00f3wi dyrektor programowy sieci Radio Plus \u0141agodne Przeboje, Tomasz Arabski.<\/p>\n<p> Wyprawki trafi\u0105 do najbardziej potrzebuj\u0105cych maluch\u00f3w poprzez Szkolne Ko\u0142a Caritas dzia\u0142aj\u0105ce na terenach tzw. &#8222;enklaw biedy&#8221;. Radio Plus \u0141agodne Przeboje przeka\u017ce je podczas uroczysto\u015bci patronalnych \u015bw. Stanis\u0142awa Kostki w \u0142\u00f3dzkiej katedrze, w sobot\u0119 18 wrze\u015bnia o godz. 12.00. Eucharystii przewodniczy\u0107 b\u0119dzie metropolita \u0142\u00f3dzki, abp W\u0142adys\u0142aw Zi\u00f3\u0142ek. <\/p>\n","protected":false},"excerpt":{"rendered":"200 wyprawek trafi do dzieci z \u0142\u00f3dzkich enklaw biedy dzi\u0119ki ofiarno\u015bci s\u0142uchaczy Radia Plus \u0141agodne Przeboje z ca\u0142ej Polski. Przybory szkolne i tornistry maluchy otrzymaj\u0105 18 wrze\u015bnia w \u0142\u00f3dzkiej katedrze.","protected":false},"author":1,"featured_media":100694,"comment_status":"open","ping_status":"closed","sticky":false,"template":"","format":"standard","meta":{"csco_display_header_overlay":false,"csco_singular_sidebar":"","csco_page_header_type":"","csco_page_load_nextpost":"","csco_post_video_location":[],"csco_post_video_location_hash":"","csco_post_video_url":"","csco_post_video_bg_start_time":0,"csco_post_video_bg_end_time":0,"footnotes":""},"categories":[9672],"tags":[],"class_list":{"0":"post-100693","1":"post","2":"type-post","3":"status-publish","4":"format-standard","5":"has-post-thumbnail","7":"category-radio","8":"cs-entry","9":"cs-video-wrap"},"_links":{"self":[{"href":"https:\/\/mediarun.com\/pl\/wp-json\/wp\/v2\/posts\/100693","targetHints":{"allow":["GET"]}}],"collection":[{"href":"https:\/\/mediarun.com\/pl\/wp-json\/wp\/v2\/posts"}],"about":[{"href":"https:\/\/mediarun.com\/pl\/wp-json\/wp\/v2\/types\/post"}],"author":[{"embeddable":true,"href":"https:\/\/mediarun.com\/pl\/wp-json\/wp\/v2\/users\/1"}],"replies":[{"embeddable":true,"href":"https:\/\/mediarun.com\/pl\/wp-json\/wp\/v2\/comments?post=100693"}],"version-history":[{"count":0,"href":"https:\/\/mediarun.com\/pl\/wp-json\/wp\/v2\/posts\/100693\/revisions"}],"wp:featuredmedia":[{"embeddable":true,"href":"https:\/\/mediarun.com\/pl\/wp-json\/wp\/v2\/media\/100694"}],"wp:attachment":[{"href":"https:\/\/mediarun.com\/pl\/wp-json\/wp\/v2\/media?parent=100693"}],"wp:term":[{"taxonomy":"category","embeddable":true,"href":"https:\/\/mediarun.com\/pl\/wp-json\/wp\/v2\/categories?post=100693"},{"taxonomy":"post_tag","embeddable":true,"href":"https:\/\/mediarun.com\/pl\/wp-json\/wp\/v2\/tags?post=100693"}],"curies":[{"name":"wp","href":"https:\/\/api.w.org\/{rel}","templated":true}]}}