{"id":100691,"date":"2004-09-17T09:45:03","date_gmt":"2004-09-17T07:45:03","guid":{"rendered":"https:\/\/mediarun.com\/index.php\/news-posts\/drogie-studio-faktow\/"},"modified":"2004-09-17T09:45:03","modified_gmt":"2004-09-17T07:45:03","slug":"drogie-studio-faktow","status":"publish","type":"post","link":"https:\/\/mediarun.com\/pl\/media\/tv\/drogie-studio-faktow.html","title":{"rendered":"Drogie studio Fakt\u00f3w"},"content":{"rendered":"<p>Co prawda Amerykanie mog\u0105 pozwoli\u0107 sobie na wydanie nieco wi\u0119kszej sumy na przygotowanie idealnego studia, ale analogi\u0119 do TVN mo\u017cna i tak znale\u017a\u0107 stosunkowo \u0142atwo. W obydwu przypadkach dziennikarze s\u0105 oddzieleni od prezenter\u00f3w przyciemnionym szk\u0142em. TVN nie wyda\u0142 20 mln dol. na szk\u0142o, kt\u00f3rego odcie\u0144 jest zale\u017cny od ilo\u015bci \u015bwiat\u0142a na zewn\u0105trz. <\/p>\n<p>Dodatkowym atutem jest nowoczesne zarz\u0105dzanie kamerami. Mo\u017cna nimi sterowa\u0107 komputerowo, dzi\u0119ki czemu wed\u0142ug Piotra Waltera, operatorzy kamer znikn\u0105 ze studia i skupi\u0105 si\u0119 na pracy w terenie. Obracany st\u00f3\u0142 wykorzystywany jest do podzia\u0142u studia pomi\u0119dzy Fakty i TVN. Zaraz po g\u0142\u00f3wnym wydaniu o 19, st\u00f3\u0142 obraca si\u0119 o 180 stopni i znowu widoczna jest redakcja TVN24. Wszystko to trwa od 2 minut w ekstremalnych sytuacjach do kwadransu w normalnych warunkach. <\/p>\n<p>TVN nie chce demonstrowa\u0107 wszystkich mo\u017cliwo\u015bci swego studia od razu, poniewa\u017c musi dok\u0142adnie si\u0119 z nimi zapozna\u0107 i obawia si\u0119, \u017ce konkurencja w najbli\u017cszym czasie podpatrzy rozwi\u0105zania i wdro\u017cy ich do swoich program\u00f3w informacyjnych. Do tego dochodzi te\u017c kwestia powolnego przyzwyczajenia widz\u00f3w do nowych technologii. W studiu TVN24 wyeksponowano celowo ba\u0142agan panuj\u0105cy w newsroomie. Przygotowany zosta\u0142 tak\u017ce 25-metrowy pok\u00f3j dla VIP-\u00f3w, kt\u00f3ry goszcz\u0105 tam przed wej\u015bciem na anten\u0119. <\/p>\n","protected":false},"excerpt":{"rendered":"3 wrze\u015bnia TVN zaprezentowa\u0142 dziennikarzom mo\u017cliwo\u015bci i walory nowego studia Fakt\u00f3w. Szef TVN24, Maciej Sojka zachwala\u0142 supernowoczesny sprz\u0119t, kt\u00f3ry jest dost\u0119pny w tym miejscu. Przedstawiciele TVN i TVN24 podkre\u015blili, \u017ce tworz\u0105c studio wzorowali si\u0119 na MSNBC.","protected":false},"author":1,"featured_media":100692,"comment_status":"open","ping_status":"closed","sticky":false,"template":"","format":"standard","meta":{"csco_display_header_overlay":false,"csco_singular_sidebar":"","csco_page_header_type":"","csco_page_load_nextpost":"","csco_post_video_location":[],"csco_post_video_location_hash":"","csco_post_video_url":"","csco_post_video_bg_start_time":0,"csco_post_video_bg_end_time":0,"footnotes":""},"categories":[9670],"tags":[],"class_list":{"0":"post-100691","1":"post","2":"type-post","3":"status-publish","4":"format-standard","5":"has-post-thumbnail","7":"category-tv","8":"cs-entry","9":"cs-video-wrap"},"_links":{"self":[{"href":"https:\/\/mediarun.com\/pl\/wp-json\/wp\/v2\/posts\/100691","targetHints":{"allow":["GET"]}}],"collection":[{"href":"https:\/\/mediarun.com\/pl\/wp-json\/wp\/v2\/posts"}],"about":[{"href":"https:\/\/mediarun.com\/pl\/wp-json\/wp\/v2\/types\/post"}],"author":[{"embeddable":true,"href":"https:\/\/mediarun.com\/pl\/wp-json\/wp\/v2\/users\/1"}],"replies":[{"embeddable":true,"href":"https:\/\/mediarun.com\/pl\/wp-json\/wp\/v2\/comments?post=100691"}],"version-history":[{"count":0,"href":"https:\/\/mediarun.com\/pl\/wp-json\/wp\/v2\/posts\/100691\/revisions"}],"wp:featuredmedia":[{"embeddable":true,"href":"https:\/\/mediarun.com\/pl\/wp-json\/wp\/v2\/media\/100692"}],"wp:attachment":[{"href":"https:\/\/mediarun.com\/pl\/wp-json\/wp\/v2\/media?parent=100691"}],"wp:term":[{"taxonomy":"category","embeddable":true,"href":"https:\/\/mediarun.com\/pl\/wp-json\/wp\/v2\/categories?post=100691"},{"taxonomy":"post_tag","embeddable":true,"href":"https:\/\/mediarun.com\/pl\/wp-json\/wp\/v2\/tags?post=100691"}],"curies":[{"name":"wp","href":"https:\/\/api.w.org\/{rel}","templated":true}]}}