{"id":100687,"date":"2004-09-17T10:06:29","date_gmt":"2004-09-17T08:06:29","guid":{"rendered":"https:\/\/mediarun.com\/index.php\/news-posts\/na-kazdy-dzien-kobieta\/"},"modified":"2004-09-17T10:06:29","modified_gmt":"2004-09-17T08:06:29","slug":"na-kazdy-dzien-kobieta","status":"publish","type":"post","link":"https:\/\/mediarun.com\/pl\/media\/radio\/na-kazdy-dzien-kobieta.html","title":{"rendered":"Na ka\u017cdy dzie\u0144 Kobieta"},"content":{"rendered":"<p>Dzi\u015b trudno wyobrazi\u0107 sobie Radia Zielona G\u00f3ra 97,1 FM bez Magdy. Kiedy postanowi\u0142a pisa\u0107 felietony radiowe, nie pozosta\u0142o nic innego jak poszuka\u0107 dla niej dobrego miejsca antenowego. Mia\u0142o by\u0107 ostro i &#8222;w opozycji&#8221; do naszego porannego show`mana Jacka Bia\u0142og\u0142owego, kt\u00f3ry nigdy nie uznawa\u0142 kompromis\u00f3w. Kiedy Jacek zasugerowa\u0142, \u017ce jest chyba zbyt odwa\u017cnie i zastanawia\u0142 si\u0119 nad emisj\u0105 niekt\u00f3rych felieton\u00f3w &#8211; by\u0142o jasne, \u017ce jest dobrze. Dosta\u0142o si\u0119 lewicowemu baronowi, pani prezydent , a na rodzie m\u0119skim Magda nie zostawi\u0142a suchej nitki. <\/p>\n<p>\u0141adna, skromna i sympatyczna&#8230;tak to prawda &#8211; ale tak\u017ce m\u0105dra, pyskata, pewna siebie i doskonale wiedz\u0105ca czego chce od \u017cycia. Zawsze osi\u0105ga sw\u00f3j cel &#8211; postanowi\u0142a wyda\u0107 swoje felietony i zrobi\u0142a to &#8211; od pocz\u0105tku do ko\u0144ca sama. 8 marca 2004 ukaza\u0142y si\u0119 Jej felietony zatytu\u0142owane &#8222;Na ka\u017cdy dzie\u0144 kobieta&#8221;. Ca\u0142y nak\u0142ad ksi\u0105\u017cki rozszed\u0142 si\u0119 w ci\u0105gu 2 tygodni. <\/p>\n<p>Magda Makowska po p\u00f3\u0142rocznej przerwie zn\u00f3w chwyta za pi\u00f3ro &#8211; premierowe felietony publikowane b\u0119d\u0105 w Radiu Zielona G\u00f3ra 97,1 FM od 13 wrze\u015bnia w poniedzia\u0142ki, \u015brody i pi\u0105tki o 7.30. We wtorki i czwartki Magda b\u0119dzie wsp\u00f3\u0142prowadzi\u0107 na \u017cywo poranny show. <\/p>\n","protected":false},"excerpt":{"rendered":"\u0141adna, skromna i sympatyczna takie pierwsze wra\u017cenie robi Magda Makowska. Pierwszy sukces radiowy utwierdza\u0142, \u017ce tak w\u0142a\u015bnie jest. 'Historie mi\u0142osne Magdy Makowskiej&#8217; sta\u0142y si\u0119 kilka lat temu przebojem czwartkowych wieczor\u00f3w w Radiu Zielona G\u00f3ra 97,1 FM. Setki list\u00f3w udowodni\u0142y, \u017ce radio jest Jej miejscem na Ziemi.","protected":false},"author":1,"featured_media":100688,"comment_status":"open","ping_status":"closed","sticky":false,"template":"","format":"standard","meta":{"csco_display_header_overlay":false,"csco_singular_sidebar":"","csco_page_header_type":"","csco_page_load_nextpost":"","csco_post_video_location":[],"csco_post_video_location_hash":"","csco_post_video_url":"","csco_post_video_bg_start_time":0,"csco_post_video_bg_end_time":0,"footnotes":""},"categories":[9672],"tags":[],"class_list":{"0":"post-100687","1":"post","2":"type-post","3":"status-publish","4":"format-standard","5":"has-post-thumbnail","7":"category-radio","8":"cs-entry","9":"cs-video-wrap"},"_links":{"self":[{"href":"https:\/\/mediarun.com\/pl\/wp-json\/wp\/v2\/posts\/100687","targetHints":{"allow":["GET"]}}],"collection":[{"href":"https:\/\/mediarun.com\/pl\/wp-json\/wp\/v2\/posts"}],"about":[{"href":"https:\/\/mediarun.com\/pl\/wp-json\/wp\/v2\/types\/post"}],"author":[{"embeddable":true,"href":"https:\/\/mediarun.com\/pl\/wp-json\/wp\/v2\/users\/1"}],"replies":[{"embeddable":true,"href":"https:\/\/mediarun.com\/pl\/wp-json\/wp\/v2\/comments?post=100687"}],"version-history":[{"count":0,"href":"https:\/\/mediarun.com\/pl\/wp-json\/wp\/v2\/posts\/100687\/revisions"}],"wp:featuredmedia":[{"embeddable":true,"href":"https:\/\/mediarun.com\/pl\/wp-json\/wp\/v2\/media\/100688"}],"wp:attachment":[{"href":"https:\/\/mediarun.com\/pl\/wp-json\/wp\/v2\/media?parent=100687"}],"wp:term":[{"taxonomy":"category","embeddable":true,"href":"https:\/\/mediarun.com\/pl\/wp-json\/wp\/v2\/categories?post=100687"},{"taxonomy":"post_tag","embeddable":true,"href":"https:\/\/mediarun.com\/pl\/wp-json\/wp\/v2\/tags?post=100687"}],"curies":[{"name":"wp","href":"https:\/\/api.w.org\/{rel}","templated":true}]}}