{"id":100669,"date":"2004-09-17T14:43:01","date_gmt":"2004-09-17T12:43:01","guid":{"rendered":"https:\/\/mediarun.com\/index.php\/news-posts\/canal-na-festiwalu-w-gdyni\/"},"modified":"2004-09-17T14:43:01","modified_gmt":"2004-09-17T12:43:01","slug":"canal-na-festiwalu-w-gdyni","status":"publish","type":"post","link":"https:\/\/mediarun.com\/pl\/media\/tv\/canal-na-festiwalu-w-gdyni.html","title":{"rendered":"Canal+ na festiwalu w Gdyni"},"content":{"rendered":"<p>&#8222;Vinci&#8221; to najnowszy film sensacyjny Juliusza Machulskiego. Opowiada histori\u0119 kradzie\u017cy obrazu Leonarda da Vinci &#8222;Dama z \u0142asiczk\u0105&#8221; z Muzeum Czartoryskich w Krakowie. Z kolei &#8222;M\u00f3j Nikifor&#8221; Krzysztofa Krauze to oparta na autentycznych wydarzeniach opowie\u015b\u0107 o malarzu pochodzenia \u0142emkowskiego, jednym z pi\u0119ciu najwybitniejszych prymitywist\u00f3w \u015bwiata &#8211; Nikiforze. <\/p>\n<p>&#8211; Wspieramy finansowo polsk\u0105 kinematografi\u0119 ju\u017c blisko 10 lat. Jeste\u015bmy w Polsce najwi\u0119kszym prywatnym inwestorem w t\u0119 dziedzin\u0119. Do tej pory na produkcje filmowe przekazali\u015bmy \u0142\u0105cznie ponad 25 mln USD. Osobi\u015bcie cieszy mnie fakt, \u017ce r\u00f3wnie\u017c w tym roku mo\u017cemy pochwali\u0107 si\u0119 udzia\u0142em w wa\u017cnych filmach ubiegaj\u0105cych si\u0119 o laury gdy\u0144skiego festiwalu. Dla naszych widz\u00f3w oraz dla \u015brodowiska filmowego jest to potwierdzenie, \u017ce na przek\u00f3r nie\u0142atwym dla bran\u017cy czasom, mimo kosztownych inwestycji w restrukturyzacj\u0119 sp\u00f3\u0142ki, Canal+ jest i chce pozosta\u0107 wa\u017cnym partnerem polskiego kina &#8211; powiedzia\u0142 Arnaud de Villeneuve, Prezes sp\u00f3\u0142ki Canal+ Cyfrowy.<\/p>\n<p>Canal+ inwestuje w polsk\u0105 kinematografi\u0119, inicjuj\u0105c, wyszukuj\u0105c i wspieraj\u0105c finansowo najwarto\u015bciowsze przedsi\u0119wzi\u0119cia filmowe. Od 1995 r. przy finansowym udziale stacji powsta\u0142o ponad 60  film\u00f3w fabularnych (m.in. &#8222;Kiler&#8221;, &#8222;Historie mi\u0142osne&#8221;, &#8222;D\u0142ug&#8221;, &#8222;Ch\u0142opaki nie p\u0142acz\u0105&#8221;, &#8222;Pan Tadeusz&#8221;, &#8222;\u017bycie jako \u015bmiertelna choroba przenoszona drog\u0105 p\u0142ciow\u0105&#8221;, &#8222;Przedwio\u015bnie&#8221;, &#8222;Pianista&#8221;, &#8222;Pornografia&#8221;). Ponad 50 z tych produkcji prezentowanych by\u0142o w konkursie g\u0142\u00f3wnym kolejnych edycji gdy\u0144skiego festiwalu. Canal+ finansuje r\u00f3wnie\u017c polskie produkcje dokumentalne oraz kr\u00f3tkometra\u017cowe. W\u015br\u00f3d ponad 20 dokument\u00f3w i film\u00f3w kr\u00f3tkometra\u017cowych zrealizowanych przy udziale stacji znalaz\u0142y si\u0119 m.in. &#8222;Fotoamator&#8221; Dariusza Jab\u0142o\u0144skiego, &#8222;Taniec trzcin&#8221; Andrzeja Fidyka czy &#8222;El Misionero&#8221; Wojciecha Staronia. Stacja ma na swoim koncie zar\u00f3wno przedsi\u0119wzi\u0119cia filmowe realizowane samodzielnie, jak i z du\u017cymi partnerami, takimi jak TVP czy ITI Film Studio. Wiele spo\u015br\u00f3d produkcji Canal+ zdobywa\u0142o festiwalowe laury i by\u0142o znacz\u0105cymi sukcesami frekwencyjnymi.<\/p>\n<p>Canal+ uczestniczy tak\u017ce w wa\u017cnych wydarzeniach filmowych. Stacja zapewnia swym widzom relacje z tak presti\u017cowych imprez, jak festiwal w Cannes, doroczne rozdanie francuskich Cezar\u00f3w czy Z\u0142otych Glob\u00f3w. Co roku Canal+ wspiera wa\u017cne krajowe przegl\u0105dy i festiwale, np. cieszy\u0144ski Era nowe horyzonty promuj\u0105cy ambitne kino autorskie. Canal+ ju\u017c po raz dziewi\u0105ty obecny jest w Gdyni jako wsp\u00f3\u0142organizator FPFF, a tak\u017ce jako wsp\u00f3\u0142producent prezentowanych film\u00f3w. <\/p>\n<p>Filmy realizowane w koprodukcji z Canal+ emitowane s\u0105 na antenie stacji w kilkana\u015bcie miesi\u0119cy po premierze kinowej, dopiero potem ogl\u0105daj\u0105 je widzowie innych telewizji.<\/p>\n","protected":false},"excerpt":{"rendered":"Dwa nowe polskie filmy wsp\u00f3\u0142finansowane przez Canal+ ubiegaj\u0105 si\u0119 o g\u0142\u00f3wne laury XXIX Festiwalu Polskich Film\u00f3w Fabularnych w Gdyni. S\u0105 to: 'Vinci&#8217; Juliusza Machulskiego i 'M\u00f3j Nikifor&#8217; Krzysztofa Krauze. Obecny festiwal jest dziewi\u0105tym z kolei wsp\u00f3\u0142organizowanym przez Canal+.","protected":false},"author":1,"featured_media":100670,"comment_status":"open","ping_status":"closed","sticky":false,"template":"","format":"standard","meta":{"csco_display_header_overlay":false,"csco_singular_sidebar":"","csco_page_header_type":"","csco_page_load_nextpost":"","csco_post_video_location":[],"csco_post_video_location_hash":"","csco_post_video_url":"","csco_post_video_bg_start_time":0,"csco_post_video_bg_end_time":0,"footnotes":""},"categories":[9670],"tags":[],"class_list":{"0":"post-100669","1":"post","2":"type-post","3":"status-publish","4":"format-standard","5":"has-post-thumbnail","7":"category-tv","8":"cs-entry","9":"cs-video-wrap"},"_links":{"self":[{"href":"https:\/\/mediarun.com\/pl\/wp-json\/wp\/v2\/posts\/100669","targetHints":{"allow":["GET"]}}],"collection":[{"href":"https:\/\/mediarun.com\/pl\/wp-json\/wp\/v2\/posts"}],"about":[{"href":"https:\/\/mediarun.com\/pl\/wp-json\/wp\/v2\/types\/post"}],"author":[{"embeddable":true,"href":"https:\/\/mediarun.com\/pl\/wp-json\/wp\/v2\/users\/1"}],"replies":[{"embeddable":true,"href":"https:\/\/mediarun.com\/pl\/wp-json\/wp\/v2\/comments?post=100669"}],"version-history":[{"count":0,"href":"https:\/\/mediarun.com\/pl\/wp-json\/wp\/v2\/posts\/100669\/revisions"}],"wp:featuredmedia":[{"embeddable":true,"href":"https:\/\/mediarun.com\/pl\/wp-json\/wp\/v2\/media\/100670"}],"wp:attachment":[{"href":"https:\/\/mediarun.com\/pl\/wp-json\/wp\/v2\/media?parent=100669"}],"wp:term":[{"taxonomy":"category","embeddable":true,"href":"https:\/\/mediarun.com\/pl\/wp-json\/wp\/v2\/categories?post=100669"},{"taxonomy":"post_tag","embeddable":true,"href":"https:\/\/mediarun.com\/pl\/wp-json\/wp\/v2\/tags?post=100669"}],"curies":[{"name":"wp","href":"https:\/\/api.w.org\/{rel}","templated":true}]}}