{"id":100665,"date":"2004-09-17T15:33:09","date_gmt":"2004-09-17T13:33:09","guid":{"rendered":"https:\/\/mediarun.com\/index.php\/news-posts\/zlote-mikrofony-polskiego-radia\/"},"modified":"2004-09-17T15:33:09","modified_gmt":"2004-09-17T13:33:09","slug":"zlote-mikrofony-polskiego-radia","status":"publish","type":"post","link":"https:\/\/mediarun.com\/pl\/media\/radio\/zlote-mikrofony-polskiego-radia.html","title":{"rendered":"Z\u0142ote Mikrofony Polskiego Radia"},"content":{"rendered":"<p>Z\u0142oty Mikrofon Polskiego Radia jest przyznawany od 1969 r. Mistrzom przez Mistrz\u00f3w za dorobek tw\u00f3rczy i wybitne zas\u0142ugi dla Polskiego Radia.<\/p>\n<p>Tegorocznymi laureatami Z\u0142otych Mikrofon\u00f3w s\u0105:<\/p>\n<p>&#8211; Anna Bogdanowicz (reporta\u017cystka z Radia Bia\u0142ystok S.A.) &#8211; za mistrzostwo w dziedzinie reporta\u017cu i dokumentu radiowego<br \/>\n&#8211; Anna Borucka-Szotkowska (dziennikarka z Radiowego Centrum Kultury Ludowej) &#8211; za pasj\u0119 i po\u015bwi\u0119cenie w dokumentowaniu, antenow\u0105 prezentacj\u0119 i upowszechnianie polskiej kultury ludowej<br \/>\n&#8211; Irena Eichler (dziennikarka z Program 2 PR S.A.) &#8211; za wszechstronno\u015b\u0107, talent prezenterski, wiedz\u0119, temperament i wyrazist\u0105 osobowo\u015b\u0107 antenow\u0105<br \/>\n&#8211; Zofia Kruszewska (realizatorka) &#8211; za pe\u0142n\u0105 inwencji, mistrzowsk\u0105 realizacj\u0119 audycji radiowych i program\u00f3w na \u017cywo oraz talent dydaktyczny<br \/>\n&#8211; Jan Matyjaszkiewicz (aktor) &#8211; za mistrzowskie kreowanie postaci w radiowym Teatrze Wyobra\u017ani. Tworzone przez Niego postacie s\u0105 zawsze barwne, niejednoznaczne, obdarzone ciep\u0142em i poczuciem humoru. <\/p>\n<p>W sk\u0142ad tegorocznej kapitu\u0142y weszli opr\u00f3cz Anny Seniuk: Krzysztof Grzesiowski, Irena Heppen, W\u0142odzimierz Kleszcz, Ewa Micha\u0142owska, Maria Olszewska, Ma\u0142gorzata Kownacka.<\/p>\n<p>Koncert dla Przyjaci\u00f3\u0142 Polskiego Radia jest okazj\u0105 do spotkania wszystkich, kt\u00f3rzy wspieraj\u0105 radio publiczne swoj\u0105 wiedz\u0105 i talentem. W programie koncertu: Fryderyk Chopin &#8211; Polonez A-dur op. 40 nr 1 w orkiestracji G.Fitelberga, Mieczys\u0142aw Kar\u0142owicz &#8211; Koncert Skrzypcowy A-dur op. 8, Felks Mendelsohn-Bartoldy &#8211; Symfonia nr 4 A-dur op. 90 &#8222;W\u0142oska&#8221;. Wykonawcy: Polska Orkiestra Radiowa pod dyrekcj\u0105 Wojciecha Rajskiego. Solista: Konstanty Andrzej Kulka.<\/p>\n<p> Transmisj\u0119 radiow\u0105 Koncertu dla Przyjaci\u00f3\u0142 Polskiego Radia przeprowadzi Program 1 PR, za\u015b Program 2 Polskiego Radia S.A. odtworzy go w ca\u0142o\u015bci w niedziel\u0119 26 wrze\u015bnia br.<\/p>\n","protected":false},"excerpt":{"rendered":"Podczas Koncertu dla Przyjaci\u00f3\u0142 Polskiego Radia w sobot\u0119 25 wrze\u015bnia 2004 r. zostan\u0105 wr\u0119czone presti\u017cowe nagrody radiowe &#8211; statuetki Z\u0142otych Mikrofon\u00f3w. W tym roku spo\u015br\u00f3d 23 kandydat\u00f3w Kapitu\u0142a nagrody pod przewodnictwem Anny Seniuk wybra\u0142a 5 laureat\u00f3w.","protected":false},"author":1,"featured_media":100666,"comment_status":"open","ping_status":"closed","sticky":false,"template":"","format":"standard","meta":{"csco_display_header_overlay":false,"csco_singular_sidebar":"","csco_page_header_type":"","csco_page_load_nextpost":"","csco_post_video_location":[],"csco_post_video_location_hash":"","csco_post_video_url":"","csco_post_video_bg_start_time":0,"csco_post_video_bg_end_time":0,"footnotes":""},"categories":[9672],"tags":[],"class_list":{"0":"post-100665","1":"post","2":"type-post","3":"status-publish","4":"format-standard","5":"has-post-thumbnail","7":"category-radio","8":"cs-entry","9":"cs-video-wrap"},"_links":{"self":[{"href":"https:\/\/mediarun.com\/pl\/wp-json\/wp\/v2\/posts\/100665","targetHints":{"allow":["GET"]}}],"collection":[{"href":"https:\/\/mediarun.com\/pl\/wp-json\/wp\/v2\/posts"}],"about":[{"href":"https:\/\/mediarun.com\/pl\/wp-json\/wp\/v2\/types\/post"}],"author":[{"embeddable":true,"href":"https:\/\/mediarun.com\/pl\/wp-json\/wp\/v2\/users\/1"}],"replies":[{"embeddable":true,"href":"https:\/\/mediarun.com\/pl\/wp-json\/wp\/v2\/comments?post=100665"}],"version-history":[{"count":0,"href":"https:\/\/mediarun.com\/pl\/wp-json\/wp\/v2\/posts\/100665\/revisions"}],"wp:featuredmedia":[{"embeddable":true,"href":"https:\/\/mediarun.com\/pl\/wp-json\/wp\/v2\/media\/100666"}],"wp:attachment":[{"href":"https:\/\/mediarun.com\/pl\/wp-json\/wp\/v2\/media?parent=100665"}],"wp:term":[{"taxonomy":"category","embeddable":true,"href":"https:\/\/mediarun.com\/pl\/wp-json\/wp\/v2\/categories?post=100665"},{"taxonomy":"post_tag","embeddable":true,"href":"https:\/\/mediarun.com\/pl\/wp-json\/wp\/v2\/tags?post=100665"}],"curies":[{"name":"wp","href":"https:\/\/api.w.org\/{rel}","templated":true}]}}